{"id":8240,"date":"2023-08-22T17:48:25","date_gmt":"2023-08-22T15:48:25","guid":{"rendered":"https:\/\/www.zszarzecze.pl\/?p=8240"},"modified":"2023-08-24T10:08:56","modified_gmt":"2023-08-24T08:08:56","slug":"listy-dzieci","status":"publish","type":"post","link":"https:\/\/www.zszarzecze.pl\/?p=8240","title":{"rendered":"Listy dzieci"},"content":{"rendered":"\n<p class=\"has-text-align-center\"><strong>Witamy u progu nowego roku szkolnego &#8211; 2023\/24 <\/strong><\/p>\n\n\n\n<p>Poni\u017cej zamieszczone s\u0105 listy uczni\u00f3w klas pierwszych  w nowym roku szkolnym i listy dzieci z przedszkoli i zer\u00f3wek.  <\/p>\n\n\n\n<p><\/p>\n\n\n\n<p><a href=\"https:\/\/pgzarzecze.home.pl\/autoinstalator\/wordpressplugins\/rekrutacja\/dzieci w klasach 1.docx\">Wykaz dzieci w klasach pierwszych <\/a><\/p>\n\n\n\n<p><a href=\"https:\/\/pgzarzecze.home.pl\/autoinstalator\/wordpressplugins\/rekrutacja\/Listy dzieci w przedszkolach2.docx\">Wykaz dzieci w przedszkolach<\/a><\/p>\n\n\n\n<p><a href=\"https:\/\/pgzarzecze.home.pl\/autoinstalator\/wordpressplugins\/rekrutacja\/Dzieci w zer\u00f3wkach.docx\">Wykaz dzieci w zer\u00f3wkach <\/a><\/p>\n","protected":false},"excerpt":{"rendered":"<p>Witamy u progu nowego roku szkolnego &#8211; 2023\/24 Poni\u017cej zamieszczone s\u0105 listy uczni\u00f3w klas pierwszych w nowym roku szkolnym i listy dzieci z przedszkoli i zer\u00f3wek. Wykaz dzieci w klasach pierwszych Wykaz dzieci w przedszkolach Wykaz dzieci w zer\u00f3wkach<\/p>\n","protected":false},"author":1,"featured_media":1846,"comment_status":"closed","ping_status":"closed","sticky":false,"template":"","format":"standard","meta":{"ngg_post_thumbnail":0},"categories":[1,4],"tags":[],"yoast_head":"<!-- This site is optimized with the Yoast SEO plugin v16.9 - https:\/\/yoast.com\/wordpress\/plugins\/seo\/ -->\n<title>Listy dzieci - Zesp\u00f3\u0142 Szk\u00f3\u0142 w Zarzeczu<\/title>\n<meta name=\"robots\" content=\"index, follow, max-snippet:-1, max-image-preview:large, max-video-preview:-1\" \/>\n<link rel=\"canonical\" href=\"https:\/\/www.zszarzecze.pl\/?p=8240\" \/>\n<meta property=\"og:locale\" content=\"pl_PL\" \/>\n<meta property=\"og:type\" content=\"article\" \/>\n<meta property=\"og:title\" content=\"Listy dzieci - Zesp\u00f3\u0142 Szk\u00f3\u0142 w Zarzeczu\" \/>\n<meta property=\"og:description\" content=\"Witamy u progu nowego roku szkolnego &#8211; 2023\/24 Poni\u017cej zamieszczone s\u0105 listy uczni\u00f3w klas pierwszych w nowym roku szkolnym i listy dzieci z przedszkoli i zer\u00f3wek. Wykaz dzieci w klasach pierwszych Wykaz dzieci w przedszkolach Wykaz dzieci w zer\u00f3wkach\" \/>\n<meta property=\"og:url\" content=\"https:\/\/www.zszarzecze.pl\/?p=8240\" \/>\n<meta property=\"og:site_name\" content=\"Zesp\u00f3\u0142 Szk\u00f3\u0142 w Zarzeczu\" \/>\n<meta property=\"article:published_time\" content=\"2023-08-22T15:48:25+00:00\" \/>\n<meta property=\"article:modified_time\" content=\"2023-08-24T08:08:56+00:00\" \/>\n<meta property=\"og:image\" content=\"https:\/\/www.zszarzecze.pl\/wp-content\/uploads\/2021\/09\/ogloszenie-1_mini.jpg\" \/>\n\t<meta property=\"og:image:width\" content=\"400\" \/>\n\t<meta property=\"og:image:height\" content=\"352\" \/>\n<meta name=\"twitter:card\" content=\"summary_large_image\" \/>\n<meta name=\"twitter:label1\" content=\"Napisane przez\" \/>\n\t<meta name=\"twitter:data1\" content=\"admin\" \/>\n\t<meta name=\"twitter:label2\" content=\"Szacowany czas czytania\" \/>\n\t<meta name=\"twitter:data2\" content=\"1 minuta\" \/>\n<script type=\"application\/ld+json\" class=\"yoast-schema-graph\">{\"@context\":\"https:\/\/schema.org\",\"@graph\":[{\"@type\":\"WebSite\",\"@id\":\"https:\/\/www.zszarzecze.pl\/#website\",\"url\":\"https:\/\/www.zszarzecze.pl\/\",\"name\":\"Zesp\\u00f3\\u0142 Szk\\u00f3\\u0142 w Zarzeczu\",\"description\":\"\",\"potentialAction\":[{\"@type\":\"SearchAction\",\"target\":{\"@type\":\"EntryPoint\",\"urlTemplate\":\"https:\/\/www.zszarzecze.pl\/?s={search_term_string}\"},\"query-input\":\"required name=search_term_string\"}],\"inLanguage\":\"pl-PL\"},{\"@type\":\"ImageObject\",\"@id\":\"https:\/\/www.zszarzecze.pl\/?p=8240#primaryimage\",\"inLanguage\":\"pl-PL\",\"url\":\"https:\/\/www.zszarzecze.pl\/wp-content\/uploads\/2021\/09\/ogloszenie-1_mini.jpg\",\"contentUrl\":\"https:\/\/www.zszarzecze.pl\/wp-content\/uploads\/2021\/09\/ogloszenie-1_mini.jpg\",\"width\":400,\"height\":352},{\"@type\":\"WebPage\",\"@id\":\"https:\/\/www.zszarzecze.pl\/?p=8240#webpage\",\"url\":\"https:\/\/www.zszarzecze.pl\/?p=8240\",\"name\":\"Listy dzieci - Zesp\\u00f3\\u0142 Szk\\u00f3\\u0142 w Zarzeczu\",\"isPartOf\":{\"@id\":\"https:\/\/www.zszarzecze.pl\/#website\"},\"primaryImageOfPage\":{\"@id\":\"https:\/\/www.zszarzecze.pl\/?p=8240#primaryimage\"},\"datePublished\":\"2023-08-22T15:48:25+00:00\",\"dateModified\":\"2023-08-24T08:08:56+00:00\",\"author\":{\"@id\":\"https:\/\/www.zszarzecze.pl\/#\/schema\/person\/8e8f7f8c0befe974ec9d3ad220258fa8\"},\"breadcrumb\":{\"@id\":\"https:\/\/www.zszarzecze.pl\/?p=8240#breadcrumb\"},\"inLanguage\":\"pl-PL\",\"potentialAction\":[{\"@type\":\"ReadAction\",\"target\":[\"https:\/\/www.zszarzecze.pl\/?p=8240\"]}]},{\"@type\":\"BreadcrumbList\",\"@id\":\"https:\/\/www.zszarzecze.pl\/?p=8240#breadcrumb\",\"itemListElement\":[{\"@type\":\"ListItem\",\"position\":1,\"name\":\"Home\",\"item\":\"https:\/\/www.zszarzecze.pl\/\"},{\"@type\":\"ListItem\",\"position\":2,\"name\":\"Listy dzieci\"}]},{\"@type\":\"Person\",\"@id\":\"https:\/\/www.zszarzecze.pl\/#\/schema\/person\/8e8f7f8c0befe974ec9d3ad220258fa8\",\"name\":\"admin\",\"image\":{\"@type\":\"ImageObject\",\"@id\":\"https:\/\/www.zszarzecze.pl\/#personlogo\",\"inLanguage\":\"pl-PL\",\"url\":\"https:\/\/secure.gravatar.com\/avatar\/8a3676dc20488b2b0b9c4f534d72a1d0?s=96&d=mm&r=g\",\"contentUrl\":\"https:\/\/secure.gravatar.com\/avatar\/8a3676dc20488b2b0b9c4f534d72a1d0?s=96&d=mm&r=g\",\"caption\":\"admin\"},\"url\":\"https:\/\/www.zszarzecze.pl\/?author=1\"}]}<\/script>\n<!-- \/ Yoast SEO plugin. -->","yoast_head_json":{"title":"Listy dzieci - Zesp\u00f3\u0142 Szk\u00f3\u0142 w Zarzeczu","robots":{"index":"index","follow":"follow","max-snippet":"max-snippet:-1","max-image-preview":"max-image-preview:large","max-video-preview":"max-video-preview:-1"},"canonical":"https:\/\/www.zszarzecze.pl\/?p=8240","og_locale":"pl_PL","og_type":"article","og_title":"Listy dzieci - Zesp\u00f3\u0142 Szk\u00f3\u0142 w Zarzeczu","og_description":"Witamy u progu nowego roku szkolnego &#8211; 2023\/24 Poni\u017cej zamieszczone s\u0105 listy uczni\u00f3w klas pierwszych w nowym roku szkolnym i listy dzieci z przedszkoli i zer\u00f3wek. Wykaz dzieci w klasach pierwszych Wykaz dzieci w przedszkolach Wykaz dzieci w zer\u00f3wkach","og_url":"https:\/\/www.zszarzecze.pl\/?p=8240","og_site_name":"Zesp\u00f3\u0142 Szk\u00f3\u0142 w Zarzeczu","article_published_time":"2023-08-22T15:48:25+00:00","article_modified_time":"2023-08-24T08:08:56+00:00","og_image":[{"width":400,"height":352,"url":"https:\/\/www.zszarzecze.pl\/wp-content\/uploads\/2021\/09\/ogloszenie-1_mini.jpg","path":"\/autoinstalator\/wordpressplugins\/wp-content\/uploads\/2021\/09\/ogloszenie-1_mini.jpg","size":"full","id":1846,"alt":"","pixels":140800,"type":"image\/jpeg"}],"twitter_card":"summary_large_image","twitter_misc":{"Napisane przez":"admin","Szacowany czas czytania":"1 minuta"},"schema":{"@context":"https:\/\/schema.org","@graph":[{"@type":"WebSite","@id":"https:\/\/www.zszarzecze.pl\/#website","url":"https:\/\/www.zszarzecze.pl\/","name":"Zesp\u00f3\u0142 Szk\u00f3\u0142 w Zarzeczu","description":"","potentialAction":[{"@type":"SearchAction","target":{"@type":"EntryPoint","urlTemplate":"https:\/\/www.zszarzecze.pl\/?s={search_term_string}"},"query-input":"required name=search_term_string"}],"inLanguage":"pl-PL"},{"@type":"ImageObject","@id":"https:\/\/www.zszarzecze.pl\/?p=8240#primaryimage","inLanguage":"pl-PL","url":"https:\/\/www.zszarzecze.pl\/wp-content\/uploads\/2021\/09\/ogloszenie-1_mini.jpg","contentUrl":"https:\/\/www.zszarzecze.pl\/wp-content\/uploads\/2021\/09\/ogloszenie-1_mini.jpg","width":400,"height":352},{"@type":"WebPage","@id":"https:\/\/www.zszarzecze.pl\/?p=8240#webpage","url":"https:\/\/www.zszarzecze.pl\/?p=8240","name":"Listy dzieci - Zesp\u00f3\u0142 Szk\u00f3\u0142 w Zarzeczu","isPartOf":{"@id":"https:\/\/www.zszarzecze.pl\/#website"},"primaryImageOfPage":{"@id":"https:\/\/www.zszarzecze.pl\/?p=8240#primaryimage"},"datePublished":"2023-08-22T15:48:25+00:00","dateModified":"2023-08-24T08:08:56+00:00","author":{"@id":"https:\/\/www.zszarzecze.pl\/#\/schema\/person\/8e8f7f8c0befe974ec9d3ad220258fa8"},"breadcrumb":{"@id":"https:\/\/www.zszarzecze.pl\/?p=8240#breadcrumb"},"inLanguage":"pl-PL","potentialAction":[{"@type":"ReadAction","target":["https:\/\/www.zszarzecze.pl\/?p=8240"]}]},{"@type":"BreadcrumbList","@id":"https:\/\/www.zszarzecze.pl\/?p=8240#breadcrumb","itemListElement":[{"@type":"ListItem","position":1,"name":"Home","item":"https:\/\/www.zszarzecze.pl\/"},{"@type":"ListItem","position":2,"name":"Listy dzieci"}]},{"@type":"Person","@id":"https:\/\/www.zszarzecze.pl\/#\/schema\/person\/8e8f7f8c0befe974ec9d3ad220258fa8","name":"admin","image":{"@type":"ImageObject","@id":"https:\/\/www.zszarzecze.pl\/#personlogo","inLanguage":"pl-PL","url":"https:\/\/secure.gravatar.com\/avatar\/8a3676dc20488b2b0b9c4f534d72a1d0?s=96&d=mm&r=g","contentUrl":"https:\/\/secure.gravatar.com\/avatar\/8a3676dc20488b2b0b9c4f534d72a1d0?s=96&d=mm&r=g","caption":"admin"},"url":"https:\/\/www.zszarzecze.pl\/?author=1"}]}},"_links":{"self":[{"href":"https:\/\/www.zszarzecze.pl\/index.php?rest_route=\/wp\/v2\/posts\/8240"}],"collection":[{"href":"https:\/\/www.zszarzecze.pl\/index.php?rest_route=\/wp\/v2\/posts"}],"about":[{"href":"https:\/\/www.zszarzecze.pl\/index.php?rest_route=\/wp\/v2\/types\/post"}],"author":[{"embeddable":true,"href":"https:\/\/www.zszarzecze.pl\/index.php?rest_route=\/wp\/v2\/users\/1"}],"replies":[{"embeddable":true,"href":"https:\/\/www.zszarzecze.pl\/index.php?rest_route=%2Fwp%2Fv2%2Fcomments&post=8240"}],"version-history":[{"count":9,"href":"https:\/\/www.zszarzecze.pl\/index.php?rest_route=\/wp\/v2\/posts\/8240\/revisions"}],"predecessor-version":[{"id":8256,"href":"https:\/\/www.zszarzecze.pl\/index.php?rest_route=\/wp\/v2\/posts\/8240\/revisions\/8256"}],"wp:featuredmedia":[{"embeddable":true,"href":"https:\/\/www.zszarzecze.pl\/index.php?rest_route=\/wp\/v2\/media\/1846"}],"wp:attachment":[{"href":"https:\/\/www.zszarzecze.pl\/index.php?rest_route=%2Fwp%2Fv2%2Fmedia&parent=8240"}],"wp:term":[{"taxonomy":"category","embeddable":true,"href":"https:\/\/www.zszarzecze.pl\/index.php?rest_route=%2Fwp%2Fv2%2Fcategories&post=8240"},{"taxonomy":"post_tag","embeddable":true,"href":"https:\/\/www.zszarzecze.pl\/index.php?rest_route=%2Fwp%2Fv2%2Ftags&post=8240"}],"curies":[{"name":"wp","href":"https:\/\/api.w.org\/{rel}","templated":true}]}}