{"id":4978,"date":"2022-10-02T22:29:51","date_gmt":"2022-10-02T20:29:51","guid":{"rendered":"https:\/\/www.zszarzecze.pl\/?p=4978"},"modified":"2022-10-02T22:29:54","modified_gmt":"2022-10-02T20:29:54","slug":"erasmus-make-the-social-media-a-safe-place-tetowo-macedonia-polnocna","status":"publish","type":"post","link":"https:\/\/www.zszarzecze.pl\/?p=4978","title":{"rendered":"Erasmus + \u201eMake the social media a safe place\u201d, Tetowo, Macedonia P\u00f3\u0142nocna"},"content":{"rendered":"\n<p>W dniach 24.09-1.10 .2022r 6 uczni\u00f3w\u00a0 naszej szko\u0142y wraz z nauczycielami j.angielskiego p. Ann\u0105 Wygnaniec i p. Joann\u0105 G\u00f3rsk\u0105 wzi\u0119\u0142o udzia\u0142 w czwartej mobilno\u015bci w ramach realizowanego przez szko\u0142\u0119 projektu Erasmus + do Tetowo w Macedonii P\u00f3\u0142nocnej. Miasto to znajduje si\u0119 w p\u00f3\u0142nocno-zachodniej cz\u0119\u015bci kraju, w kotlinie <a href=\"https:\/\/pl.wikipedia.org\/w\/index.php?title=Po\u0142og&amp;action=edit&amp;redlink=1\">Po\u0142og<\/a>, u po\u0142udniowego podn\u00f3\u017ca g\u00f3r <a href=\"https:\/\/pl.wikipedia.org\/wiki\/Szar_P\u0142anina\">Szar P\u0142anina<\/a>, nad rzek\u0105 Pena. Tetowo jest jednym z najwi\u0119kszych miast Macedonii P\u00f3\u0142nocnej i g\u0142\u00f3wnym skupiskiem ludno\u015bci alba\u0144skiej w kraju. W mie\u015bcie nie brakuje zabytk\u00f3w muzu\u0142ma\u0144skich, na czele ze wspania\u0142ym kolorowym meczetem, za\u015b na jego obrze\u017cach znajduje si\u0119 g\u00f3rski kurort Popova Sapka.\u00a0<\/p>\n\n\n\n<p>Spotkanie projektowe dotyczy\u0142o uzale\u017cnie\u0144 od medi\u00f3w spo\u0142eczno\u015bciowych i sposob\u00f3w radzenia sobie z nimi. Uczniowie z wszystkich kraj\u00f3w partnerskich uczestniczyli w warsztatach zwi\u0105zanych z tematem projektu, przedstawiali swoje szko\u0142y , miasta i kraje.<\/p>\n\n\n\n<p>Aspektem kulturowym obj\u0119tym programem mobilno\u015bci by\u0142y wyprawy edukacyjne maj\u0105ce na celu zapoznanie si\u0119 z g\u0142\u00f3wnymi atrakcjami turystycznymi miasta Ochryd i Skopje.<\/p>\n\n\n\n<p>Udzia\u0142 w projekcie to\u00a0ogromne przedsi\u0119wzi\u0119cie o\u00a0charakterze edukacyjnym, kt\u00f3re pozwala uczniom nie\u00a0tylko\u00a0poszerzy\u0107 ich wiedz\u0119 na\u00a0temat danego kraju partnerskiego, ale\u00a0tak\u017ce doskonali\u0107 ich umiej\u0119tno\u015bci interpersonalne i\u00a0\u015bwiadomo\u015b\u0107 interkulturow\u0105. Jako projekt mi\u0119dzynarodowy jest to\u00a0\u015bwietna okazja do\u00a0rozwijania umiej\u0119tno\u015bci pos\u0142ugiwania si\u0119 j\u0119zykiem angielskim.<\/p>\n\n\n\nngg_shortcode_0_placeholder\n","protected":false},"excerpt":{"rendered":"<p>W dniach 24.09-1.10 .2022r 6 uczni\u00f3w\u00a0 naszej szko\u0142y wraz z nauczycielami j.angielskiego p. Ann\u0105 Wygnaniec i p. Joann\u0105 G\u00f3rsk\u0105 wzi\u0119\u0142o udzia\u0142 w czwartej mobilno\u015bci w ramach realizowanego przez szko\u0142\u0119 projektu Erasmus + do Tetowo w Macedonii P\u00f3\u0142nocnej. Miasto to znajduje si\u0119 w p\u00f3\u0142nocno-zachodniej cz\u0119\u015bci kraju, w kotlinie Po\u0142og, u po\u0142udniowego podn\u00f3\u017ca g\u00f3r Szar P\u0142anina, nad [&hellip;]<\/p>\n","protected":false},"author":1,"featured_media":4979,"comment_status":"closed","ping_status":"closed","sticky":false,"template":"","format":"standard","meta":{"ngg_post_thumbnail":0},"categories":[1],"tags":[],"yoast_head":"<!-- This site is optimized with the Yoast SEO plugin v16.9 - https:\/\/yoast.com\/wordpress\/plugins\/seo\/ -->\n<title>Erasmus + \u201eMake the social media a safe place\u201d, Tetowo, Macedonia P\u00f3\u0142nocna - Zesp\u00f3\u0142 Szk\u00f3\u0142 w Zarzeczu<\/title>\n<meta name=\"robots\" content=\"index, follow, max-snippet:-1, max-image-preview:large, max-video-preview:-1\" \/>\n<link rel=\"canonical\" href=\"https:\/\/www.zszarzecze.pl\/?p=4978\" \/>\n<meta property=\"og:locale\" content=\"pl_PL\" \/>\n<meta property=\"og:type\" content=\"article\" \/>\n<meta property=\"og:title\" content=\"Erasmus + \u201eMake the social media a safe place\u201d, Tetowo, Macedonia P\u00f3\u0142nocna - Zesp\u00f3\u0142 Szk\u00f3\u0142 w Zarzeczu\" \/>\n<meta property=\"og:description\" content=\"W dniach 24.09-1.10 .2022r 6 uczni\u00f3w\u00a0 naszej szko\u0142y wraz z nauczycielami j.angielskiego p. Ann\u0105 Wygnaniec i p. Joann\u0105 G\u00f3rsk\u0105 wzi\u0119\u0142o udzia\u0142 w czwartej mobilno\u015bci w ramach realizowanego przez szko\u0142\u0119 projektu Erasmus + do Tetowo w Macedonii P\u00f3\u0142nocnej. Miasto to znajduje si\u0119 w p\u00f3\u0142nocno-zachodniej cz\u0119\u015bci kraju, w kotlinie Po\u0142og, u po\u0142udniowego podn\u00f3\u017ca g\u00f3r Szar P\u0142anina, nad [&hellip;]\" \/>\n<meta property=\"og:url\" content=\"https:\/\/www.zszarzecze.pl\/?p=4978\" \/>\n<meta property=\"og:site_name\" content=\"Zesp\u00f3\u0142 Szk\u00f3\u0142 w Zarzeczu\" \/>\n<meta property=\"article:published_time\" content=\"2022-10-02T20:29:51+00:00\" \/>\n<meta property=\"article:modified_time\" content=\"2022-10-02T20:29:54+00:00\" \/>\n<meta property=\"og:image\" content=\"https:\/\/www.zszarzecze.pl\/wp-content\/uploads\/2022\/10\/309809113_3259165504347771_2302708666704351013_n.jpg\" \/>\n\t<meta property=\"og:image:width\" content=\"1600\" \/>\n\t<meta property=\"og:image:height\" content=\"1197\" \/>\n<meta name=\"twitter:card\" content=\"summary_large_image\" \/>\n<meta name=\"twitter:label1\" content=\"Napisane przez\" \/>\n\t<meta name=\"twitter:data1\" content=\"admin\" \/>\n\t<meta name=\"twitter:label2\" content=\"Szacowany czas czytania\" \/>\n\t<meta name=\"twitter:data2\" content=\"1 minuta\" \/>\n<script type=\"application\/ld+json\" class=\"yoast-schema-graph\">{\"@context\":\"https:\/\/schema.org\",\"@graph\":[{\"@type\":\"WebSite\",\"@id\":\"https:\/\/www.zszarzecze.pl\/#website\",\"url\":\"https:\/\/www.zszarzecze.pl\/\",\"name\":\"Zesp\\u00f3\\u0142 Szk\\u00f3\\u0142 w Zarzeczu\",\"description\":\"\",\"potentialAction\":[{\"@type\":\"SearchAction\",\"target\":{\"@type\":\"EntryPoint\",\"urlTemplate\":\"https:\/\/www.zszarzecze.pl\/?s={search_term_string}\"},\"query-input\":\"required name=search_term_string\"}],\"inLanguage\":\"pl-PL\"},{\"@type\":\"ImageObject\",\"@id\":\"https:\/\/www.zszarzecze.pl\/?p=4978#primaryimage\",\"inLanguage\":\"pl-PL\",\"url\":\"https:\/\/www.zszarzecze.pl\/wp-content\/uploads\/2022\/10\/309809113_3259165504347771_2302708666704351013_n.jpg\",\"contentUrl\":\"https:\/\/www.zszarzecze.pl\/wp-content\/uploads\/2022\/10\/309809113_3259165504347771_2302708666704351013_n.jpg\",\"width\":1600,\"height\":1197},{\"@type\":\"WebPage\",\"@id\":\"https:\/\/www.zszarzecze.pl\/?p=4978#webpage\",\"url\":\"https:\/\/www.zszarzecze.pl\/?p=4978\",\"name\":\"Erasmus + \\u201eMake the social media a safe place\\u201d, Tetowo, Macedonia P\\u00f3\\u0142nocna - Zesp\\u00f3\\u0142 Szk\\u00f3\\u0142 w Zarzeczu\",\"isPartOf\":{\"@id\":\"https:\/\/www.zszarzecze.pl\/#website\"},\"primaryImageOfPage\":{\"@id\":\"https:\/\/www.zszarzecze.pl\/?p=4978#primaryimage\"},\"datePublished\":\"2022-10-02T20:29:51+00:00\",\"dateModified\":\"2022-10-02T20:29:54+00:00\",\"author\":{\"@id\":\"https:\/\/www.zszarzecze.pl\/#\/schema\/person\/8e8f7f8c0befe974ec9d3ad220258fa8\"},\"breadcrumb\":{\"@id\":\"https:\/\/www.zszarzecze.pl\/?p=4978#breadcrumb\"},\"inLanguage\":\"pl-PL\",\"potentialAction\":[{\"@type\":\"ReadAction\",\"target\":[\"https:\/\/www.zszarzecze.pl\/?p=4978\"]}]},{\"@type\":\"BreadcrumbList\",\"@id\":\"https:\/\/www.zszarzecze.pl\/?p=4978#breadcrumb\",\"itemListElement\":[{\"@type\":\"ListItem\",\"position\":1,\"name\":\"Home\",\"item\":\"https:\/\/www.zszarzecze.pl\/\"},{\"@type\":\"ListItem\",\"position\":2,\"name\":\"Erasmus + \\u201eMake the social media a safe place\\u201d, Tetowo, Macedonia P\\u00f3\\u0142nocna\"}]},{\"@type\":\"Person\",\"@id\":\"https:\/\/www.zszarzecze.pl\/#\/schema\/person\/8e8f7f8c0befe974ec9d3ad220258fa8\",\"name\":\"admin\",\"image\":{\"@type\":\"ImageObject\",\"@id\":\"https:\/\/www.zszarzecze.pl\/#personlogo\",\"inLanguage\":\"pl-PL\",\"url\":\"https:\/\/secure.gravatar.com\/avatar\/8a3676dc20488b2b0b9c4f534d72a1d0?s=96&d=mm&r=g\",\"contentUrl\":\"https:\/\/secure.gravatar.com\/avatar\/8a3676dc20488b2b0b9c4f534d72a1d0?s=96&d=mm&r=g\",\"caption\":\"admin\"},\"url\":\"https:\/\/www.zszarzecze.pl\/?author=1\"}]}<\/script>\n<!-- \/ Yoast SEO plugin. -->","yoast_head_json":{"title":"Erasmus + \u201eMake the social media a safe place\u201d, Tetowo, Macedonia P\u00f3\u0142nocna - Zesp\u00f3\u0142 Szk\u00f3\u0142 w Zarzeczu","robots":{"index":"index","follow":"follow","max-snippet":"max-snippet:-1","max-image-preview":"max-image-preview:large","max-video-preview":"max-video-preview:-1"},"canonical":"https:\/\/www.zszarzecze.pl\/?p=4978","og_locale":"pl_PL","og_type":"article","og_title":"Erasmus + \u201eMake the social media a safe place\u201d, Tetowo, Macedonia P\u00f3\u0142nocna - Zesp\u00f3\u0142 Szk\u00f3\u0142 w Zarzeczu","og_description":"W dniach 24.09-1.10 .2022r 6 uczni\u00f3w\u00a0 naszej szko\u0142y wraz z nauczycielami j.angielskiego p. Ann\u0105 Wygnaniec i p. Joann\u0105 G\u00f3rsk\u0105 wzi\u0119\u0142o udzia\u0142 w czwartej mobilno\u015bci w ramach realizowanego przez szko\u0142\u0119 projektu Erasmus + do Tetowo w Macedonii P\u00f3\u0142nocnej. Miasto to znajduje si\u0119 w p\u00f3\u0142nocno-zachodniej cz\u0119\u015bci kraju, w kotlinie Po\u0142og, u po\u0142udniowego podn\u00f3\u017ca g\u00f3r Szar P\u0142anina, nad [&hellip;]","og_url":"https:\/\/www.zszarzecze.pl\/?p=4978","og_site_name":"Zesp\u00f3\u0142 Szk\u00f3\u0142 w Zarzeczu","article_published_time":"2022-10-02T20:29:51+00:00","article_modified_time":"2022-10-02T20:29:54+00:00","og_image":[{"width":1600,"height":1197,"url":"https:\/\/www.zszarzecze.pl\/wp-content\/uploads\/2022\/10\/309809113_3259165504347771_2302708666704351013_n.jpg","path":"\/autoinstalator\/wordpressplugins\/wp-content\/uploads\/2022\/10\/309809113_3259165504347771_2302708666704351013_n.jpg","size":"full","id":4979,"alt":"","pixels":1915200,"type":"image\/jpeg"}],"twitter_card":"summary_large_image","twitter_misc":{"Napisane przez":"admin","Szacowany czas czytania":"1 minuta"},"schema":{"@context":"https:\/\/schema.org","@graph":[{"@type":"WebSite","@id":"https:\/\/www.zszarzecze.pl\/#website","url":"https:\/\/www.zszarzecze.pl\/","name":"Zesp\u00f3\u0142 Szk\u00f3\u0142 w Zarzeczu","description":"","potentialAction":[{"@type":"SearchAction","target":{"@type":"EntryPoint","urlTemplate":"https:\/\/www.zszarzecze.pl\/?s={search_term_string}"},"query-input":"required name=search_term_string"}],"inLanguage":"pl-PL"},{"@type":"ImageObject","@id":"https:\/\/www.zszarzecze.pl\/?p=4978#primaryimage","inLanguage":"pl-PL","url":"https:\/\/www.zszarzecze.pl\/wp-content\/uploads\/2022\/10\/309809113_3259165504347771_2302708666704351013_n.jpg","contentUrl":"https:\/\/www.zszarzecze.pl\/wp-content\/uploads\/2022\/10\/309809113_3259165504347771_2302708666704351013_n.jpg","width":1600,"height":1197},{"@type":"WebPage","@id":"https:\/\/www.zszarzecze.pl\/?p=4978#webpage","url":"https:\/\/www.zszarzecze.pl\/?p=4978","name":"Erasmus + \u201eMake the social media a safe place\u201d, Tetowo, Macedonia P\u00f3\u0142nocna - Zesp\u00f3\u0142 Szk\u00f3\u0142 w Zarzeczu","isPartOf":{"@id":"https:\/\/www.zszarzecze.pl\/#website"},"primaryImageOfPage":{"@id":"https:\/\/www.zszarzecze.pl\/?p=4978#primaryimage"},"datePublished":"2022-10-02T20:29:51+00:00","dateModified":"2022-10-02T20:29:54+00:00","author":{"@id":"https:\/\/www.zszarzecze.pl\/#\/schema\/person\/8e8f7f8c0befe974ec9d3ad220258fa8"},"breadcrumb":{"@id":"https:\/\/www.zszarzecze.pl\/?p=4978#breadcrumb"},"inLanguage":"pl-PL","potentialAction":[{"@type":"ReadAction","target":["https:\/\/www.zszarzecze.pl\/?p=4978"]}]},{"@type":"BreadcrumbList","@id":"https:\/\/www.zszarzecze.pl\/?p=4978#breadcrumb","itemListElement":[{"@type":"ListItem","position":1,"name":"Home","item":"https:\/\/www.zszarzecze.pl\/"},{"@type":"ListItem","position":2,"name":"Erasmus + \u201eMake the social media a safe place\u201d, Tetowo, Macedonia P\u00f3\u0142nocna"}]},{"@type":"Person","@id":"https:\/\/www.zszarzecze.pl\/#\/schema\/person\/8e8f7f8c0befe974ec9d3ad220258fa8","name":"admin","image":{"@type":"ImageObject","@id":"https:\/\/www.zszarzecze.pl\/#personlogo","inLanguage":"pl-PL","url":"https:\/\/secure.gravatar.com\/avatar\/8a3676dc20488b2b0b9c4f534d72a1d0?s=96&d=mm&r=g","contentUrl":"https:\/\/secure.gravatar.com\/avatar\/8a3676dc20488b2b0b9c4f534d72a1d0?s=96&d=mm&r=g","caption":"admin"},"url":"https:\/\/www.zszarzecze.pl\/?author=1"}]}},"_links":{"self":[{"href":"https:\/\/www.zszarzecze.pl\/index.php?rest_route=\/wp\/v2\/posts\/4978"}],"collection":[{"href":"https:\/\/www.zszarzecze.pl\/index.php?rest_route=\/wp\/v2\/posts"}],"about":[{"href":"https:\/\/www.zszarzecze.pl\/index.php?rest_route=\/wp\/v2\/types\/post"}],"author":[{"embeddable":true,"href":"https:\/\/www.zszarzecze.pl\/index.php?rest_route=\/wp\/v2\/users\/1"}],"replies":[{"embeddable":true,"href":"https:\/\/www.zszarzecze.pl\/index.php?rest_route=%2Fwp%2Fv2%2Fcomments&post=4978"}],"version-history":[{"count":1,"href":"https:\/\/www.zszarzecze.pl\/index.php?rest_route=\/wp\/v2\/posts\/4978\/revisions"}],"predecessor-version":[{"id":5031,"href":"https:\/\/www.zszarzecze.pl\/index.php?rest_route=\/wp\/v2\/posts\/4978\/revisions\/5031"}],"wp:featuredmedia":[{"embeddable":true,"href":"https:\/\/www.zszarzecze.pl\/index.php?rest_route=\/wp\/v2\/media\/4979"}],"wp:attachment":[{"href":"https:\/\/www.zszarzecze.pl\/index.php?rest_route=%2Fwp%2Fv2%2Fmedia&parent=4978"}],"wp:term":[{"taxonomy":"category","embeddable":true,"href":"https:\/\/www.zszarzecze.pl\/index.php?rest_route=%2Fwp%2Fv2%2Fcategories&post=4978"},{"taxonomy":"post_tag","embeddable":true,"href":"https:\/\/www.zszarzecze.pl\/index.php?rest_route=%2Fwp%2Fv2%2Ftags&post=4978"}],"curies":[{"name":"wp","href":"https:\/\/api.w.org\/{rel}","templated":true}]}}