{"id":4699,"date":"2022-06-26T22:11:49","date_gmt":"2022-06-26T20:11:49","guid":{"rendered":"https:\/\/www.zszarzecze.pl\/?p=4699"},"modified":"2022-06-27T14:36:26","modified_gmt":"2022-06-27T12:36:26","slug":"witajcie-wakacje","status":"publish","type":"post","link":"https:\/\/www.zszarzecze.pl\/?p=4699","title":{"rendered":"Witajcie wakacje!"},"content":{"rendered":"\n<p>Uroczyste zako\u0144czenie nauki w tym roku szkolnym rozpocz\u0119\u0142o si\u0119 msz\u0105 \u015bw. w ko\u015bciele parafialnym, kt\u00f3rej przewodniczy\u0142  ks. Tomasz Podolak. Nast\u0119pnie przed figur\u0105 \u015bw. Jana Paw\u0142a II odby\u0142 si\u0119 ceremonia\u0142 szkolny po\u0142\u0105czony z przekazaniem sztandaru nowemu pocztowi sztandarowemu. Po chwili przerwy, ju\u017c na sali gimnastycznej odby\u0142o si\u0119 wr\u0119czenie nagr\u00f3d uczniom, kt\u00f3rzy otrzymali \u015bwiadectwa z wyr\u00f3\u017cnieniem. W klasach \u00f3smych listy gratulacyjne odebrali rodzice uczni\u00f3w wyr\u00f3\u017cnionych, a \u015bwiadectwa z r\u0105k Pana Dyrektora otrzymali wszyscy absolwenci. Kilkoro uczni\u00f3w otrzyma\u0142o stypendia za wybitne osi\u0105gni\u0119cia w nauce. Wr\u0119czenia stypendi\u00f3w dokonali: W\u00f3jt Gminy Zarzecze Tomasz Bury, Przewodnicz\u0105ca Rady Gminy Zarzecze Ma\u0142gorzata Byrwa, dyrektor ZOSiJB pani Katarzyna Kulpa. Rodzice uczni\u00f3w z\u0142o\u017cyli podzi\u0119kowania dla wszystkich nauczycieli na r\u0119ce Pana Dyrektora Krzysztofa Majkowskiego. Po cz\u0119\u015bci oficjalnej odby\u0142y si\u0119 spotkania uczni\u00f3w z wychowawcami. <\/p>\n\n\n\n<p> <\/p>\n\n\n\nngg_shortcode_0_placeholder\n","protected":false},"excerpt":{"rendered":"<p>Uroczyste zako\u0144czenie nauki w tym roku szkolnym rozpocz\u0119\u0142o si\u0119 msz\u0105 \u015bw. w ko\u015bciele parafialnym, kt\u00f3rej przewodniczy\u0142 ks. Tomasz Podolak. Nast\u0119pnie przed figur\u0105 \u015bw. Jana Paw\u0142a II odby\u0142 si\u0119 ceremonia\u0142 szkolny po\u0142\u0105czony z przekazaniem sztandaru nowemu pocztowi sztandarowemu. Po chwili przerwy, ju\u017c na sali gimnastycznej odby\u0142o si\u0119 wr\u0119czenie nagr\u00f3d uczniom, kt\u00f3rzy otrzymali \u015bwiadectwa z wyr\u00f3\u017cnieniem. W [&hellip;]<\/p>\n","protected":false},"author":1,"featured_media":4734,"comment_status":"closed","ping_status":"closed","sticky":false,"template":"","format":"standard","meta":{"ngg_post_thumbnail":0},"categories":[1],"tags":[],"yoast_head":"<!-- This site is optimized with the Yoast SEO plugin v16.9 - https:\/\/yoast.com\/wordpress\/plugins\/seo\/ -->\n<title>Witajcie wakacje! - Zesp\u00f3\u0142 Szk\u00f3\u0142 w Zarzeczu<\/title>\n<meta name=\"robots\" content=\"index, follow, max-snippet:-1, max-image-preview:large, max-video-preview:-1\" \/>\n<link rel=\"canonical\" href=\"https:\/\/www.zszarzecze.pl\/?p=4699\" \/>\n<meta property=\"og:locale\" content=\"pl_PL\" \/>\n<meta property=\"og:type\" content=\"article\" \/>\n<meta property=\"og:title\" content=\"Witajcie wakacje! - Zesp\u00f3\u0142 Szk\u00f3\u0142 w Zarzeczu\" \/>\n<meta property=\"og:description\" content=\"Uroczyste zako\u0144czenie nauki w tym roku szkolnym rozpocz\u0119\u0142o si\u0119 msz\u0105 \u015bw. w ko\u015bciele parafialnym, kt\u00f3rej przewodniczy\u0142 ks. Tomasz Podolak. Nast\u0119pnie przed figur\u0105 \u015bw. Jana Paw\u0142a II odby\u0142 si\u0119 ceremonia\u0142 szkolny po\u0142\u0105czony z przekazaniem sztandaru nowemu pocztowi sztandarowemu. Po chwili przerwy, ju\u017c na sali gimnastycznej odby\u0142o si\u0119 wr\u0119czenie nagr\u00f3d uczniom, kt\u00f3rzy otrzymali \u015bwiadectwa z wyr\u00f3\u017cnieniem. W [&hellip;]\" \/>\n<meta property=\"og:url\" content=\"https:\/\/www.zszarzecze.pl\/?p=4699\" \/>\n<meta property=\"og:site_name\" content=\"Zesp\u00f3\u0142 Szk\u00f3\u0142 w Zarzeczu\" \/>\n<meta property=\"article:published_time\" content=\"2022-06-26T20:11:49+00:00\" \/>\n<meta property=\"article:modified_time\" content=\"2022-06-27T12:36:26+00:00\" \/>\n<meta property=\"og:image\" content=\"https:\/\/www.zszarzecze.pl\/wp-content\/uploads\/2022\/06\/DSC_0139-scaled.jpg\" \/>\n\t<meta property=\"og:image:width\" content=\"2560\" \/>\n\t<meta property=\"og:image:height\" content=\"1707\" \/>\n<meta name=\"twitter:card\" content=\"summary_large_image\" \/>\n<meta name=\"twitter:label1\" content=\"Napisane przez\" \/>\n\t<meta name=\"twitter:data1\" content=\"admin\" \/>\n\t<meta name=\"twitter:label2\" content=\"Szacowany czas czytania\" \/>\n\t<meta name=\"twitter:data2\" content=\"1 minuta\" \/>\n<script type=\"application\/ld+json\" class=\"yoast-schema-graph\">{\"@context\":\"https:\/\/schema.org\",\"@graph\":[{\"@type\":\"WebSite\",\"@id\":\"https:\/\/www.zszarzecze.pl\/#website\",\"url\":\"https:\/\/www.zszarzecze.pl\/\",\"name\":\"Zesp\\u00f3\\u0142 Szk\\u00f3\\u0142 w Zarzeczu\",\"description\":\"\",\"potentialAction\":[{\"@type\":\"SearchAction\",\"target\":{\"@type\":\"EntryPoint\",\"urlTemplate\":\"https:\/\/www.zszarzecze.pl\/?s={search_term_string}\"},\"query-input\":\"required name=search_term_string\"}],\"inLanguage\":\"pl-PL\"},{\"@type\":\"ImageObject\",\"@id\":\"https:\/\/www.zszarzecze.pl\/?p=4699#primaryimage\",\"inLanguage\":\"pl-PL\",\"url\":\"https:\/\/www.zszarzecze.pl\/wp-content\/uploads\/2022\/06\/DSC_0139-scaled.jpg\",\"contentUrl\":\"https:\/\/www.zszarzecze.pl\/wp-content\/uploads\/2022\/06\/DSC_0139-scaled.jpg\",\"width\":2560,\"height\":1707},{\"@type\":\"WebPage\",\"@id\":\"https:\/\/www.zszarzecze.pl\/?p=4699#webpage\",\"url\":\"https:\/\/www.zszarzecze.pl\/?p=4699\",\"name\":\"Witajcie wakacje! - Zesp\\u00f3\\u0142 Szk\\u00f3\\u0142 w Zarzeczu\",\"isPartOf\":{\"@id\":\"https:\/\/www.zszarzecze.pl\/#website\"},\"primaryImageOfPage\":{\"@id\":\"https:\/\/www.zszarzecze.pl\/?p=4699#primaryimage\"},\"datePublished\":\"2022-06-26T20:11:49+00:00\",\"dateModified\":\"2022-06-27T12:36:26+00:00\",\"author\":{\"@id\":\"https:\/\/www.zszarzecze.pl\/#\/schema\/person\/8e8f7f8c0befe974ec9d3ad220258fa8\"},\"breadcrumb\":{\"@id\":\"https:\/\/www.zszarzecze.pl\/?p=4699#breadcrumb\"},\"inLanguage\":\"pl-PL\",\"potentialAction\":[{\"@type\":\"ReadAction\",\"target\":[\"https:\/\/www.zszarzecze.pl\/?p=4699\"]}]},{\"@type\":\"BreadcrumbList\",\"@id\":\"https:\/\/www.zszarzecze.pl\/?p=4699#breadcrumb\",\"itemListElement\":[{\"@type\":\"ListItem\",\"position\":1,\"name\":\"Home\",\"item\":\"https:\/\/www.zszarzecze.pl\/\"},{\"@type\":\"ListItem\",\"position\":2,\"name\":\"Witajcie wakacje!\"}]},{\"@type\":\"Person\",\"@id\":\"https:\/\/www.zszarzecze.pl\/#\/schema\/person\/8e8f7f8c0befe974ec9d3ad220258fa8\",\"name\":\"admin\",\"image\":{\"@type\":\"ImageObject\",\"@id\":\"https:\/\/www.zszarzecze.pl\/#personlogo\",\"inLanguage\":\"pl-PL\",\"url\":\"https:\/\/secure.gravatar.com\/avatar\/8a3676dc20488b2b0b9c4f534d72a1d0?s=96&d=mm&r=g\",\"contentUrl\":\"https:\/\/secure.gravatar.com\/avatar\/8a3676dc20488b2b0b9c4f534d72a1d0?s=96&d=mm&r=g\",\"caption\":\"admin\"},\"url\":\"https:\/\/www.zszarzecze.pl\/?author=1\"}]}<\/script>\n<!-- \/ Yoast SEO plugin. -->","yoast_head_json":{"title":"Witajcie wakacje! - Zesp\u00f3\u0142 Szk\u00f3\u0142 w Zarzeczu","robots":{"index":"index","follow":"follow","max-snippet":"max-snippet:-1","max-image-preview":"max-image-preview:large","max-video-preview":"max-video-preview:-1"},"canonical":"https:\/\/www.zszarzecze.pl\/?p=4699","og_locale":"pl_PL","og_type":"article","og_title":"Witajcie wakacje! - Zesp\u00f3\u0142 Szk\u00f3\u0142 w Zarzeczu","og_description":"Uroczyste zako\u0144czenie nauki w tym roku szkolnym rozpocz\u0119\u0142o si\u0119 msz\u0105 \u015bw. w ko\u015bciele parafialnym, kt\u00f3rej przewodniczy\u0142 ks. Tomasz Podolak. Nast\u0119pnie przed figur\u0105 \u015bw. Jana Paw\u0142a II odby\u0142 si\u0119 ceremonia\u0142 szkolny po\u0142\u0105czony z przekazaniem sztandaru nowemu pocztowi sztandarowemu. Po chwili przerwy, ju\u017c na sali gimnastycznej odby\u0142o si\u0119 wr\u0119czenie nagr\u00f3d uczniom, kt\u00f3rzy otrzymali \u015bwiadectwa z wyr\u00f3\u017cnieniem. W [&hellip;]","og_url":"https:\/\/www.zszarzecze.pl\/?p=4699","og_site_name":"Zesp\u00f3\u0142 Szk\u00f3\u0142 w Zarzeczu","article_published_time":"2022-06-26T20:11:49+00:00","article_modified_time":"2022-06-27T12:36:26+00:00","og_image":[{"width":2560,"height":1707,"url":"https:\/\/www.zszarzecze.pl\/wp-content\/uploads\/2022\/06\/DSC_0139-scaled.jpg","path":"\/autoinstalator\/wordpressplugins\/wp-content\/uploads\/2022\/06\/DSC_0139-scaled.jpg","size":"full","id":4734,"alt":"","pixels":4369920,"type":"image\/jpeg"}],"twitter_card":"summary_large_image","twitter_misc":{"Napisane przez":"admin","Szacowany czas czytania":"1 minuta"},"schema":{"@context":"https:\/\/schema.org","@graph":[{"@type":"WebSite","@id":"https:\/\/www.zszarzecze.pl\/#website","url":"https:\/\/www.zszarzecze.pl\/","name":"Zesp\u00f3\u0142 Szk\u00f3\u0142 w Zarzeczu","description":"","potentialAction":[{"@type":"SearchAction","target":{"@type":"EntryPoint","urlTemplate":"https:\/\/www.zszarzecze.pl\/?s={search_term_string}"},"query-input":"required name=search_term_string"}],"inLanguage":"pl-PL"},{"@type":"ImageObject","@id":"https:\/\/www.zszarzecze.pl\/?p=4699#primaryimage","inLanguage":"pl-PL","url":"https:\/\/www.zszarzecze.pl\/wp-content\/uploads\/2022\/06\/DSC_0139-scaled.jpg","contentUrl":"https:\/\/www.zszarzecze.pl\/wp-content\/uploads\/2022\/06\/DSC_0139-scaled.jpg","width":2560,"height":1707},{"@type":"WebPage","@id":"https:\/\/www.zszarzecze.pl\/?p=4699#webpage","url":"https:\/\/www.zszarzecze.pl\/?p=4699","name":"Witajcie wakacje! - Zesp\u00f3\u0142 Szk\u00f3\u0142 w Zarzeczu","isPartOf":{"@id":"https:\/\/www.zszarzecze.pl\/#website"},"primaryImageOfPage":{"@id":"https:\/\/www.zszarzecze.pl\/?p=4699#primaryimage"},"datePublished":"2022-06-26T20:11:49+00:00","dateModified":"2022-06-27T12:36:26+00:00","author":{"@id":"https:\/\/www.zszarzecze.pl\/#\/schema\/person\/8e8f7f8c0befe974ec9d3ad220258fa8"},"breadcrumb":{"@id":"https:\/\/www.zszarzecze.pl\/?p=4699#breadcrumb"},"inLanguage":"pl-PL","potentialAction":[{"@type":"ReadAction","target":["https:\/\/www.zszarzecze.pl\/?p=4699"]}]},{"@type":"BreadcrumbList","@id":"https:\/\/www.zszarzecze.pl\/?p=4699#breadcrumb","itemListElement":[{"@type":"ListItem","position":1,"name":"Home","item":"https:\/\/www.zszarzecze.pl\/"},{"@type":"ListItem","position":2,"name":"Witajcie wakacje!"}]},{"@type":"Person","@id":"https:\/\/www.zszarzecze.pl\/#\/schema\/person\/8e8f7f8c0befe974ec9d3ad220258fa8","name":"admin","image":{"@type":"ImageObject","@id":"https:\/\/www.zszarzecze.pl\/#personlogo","inLanguage":"pl-PL","url":"https:\/\/secure.gravatar.com\/avatar\/8a3676dc20488b2b0b9c4f534d72a1d0?s=96&d=mm&r=g","contentUrl":"https:\/\/secure.gravatar.com\/avatar\/8a3676dc20488b2b0b9c4f534d72a1d0?s=96&d=mm&r=g","caption":"admin"},"url":"https:\/\/www.zszarzecze.pl\/?author=1"}]}},"_links":{"self":[{"href":"https:\/\/www.zszarzecze.pl\/index.php?rest_route=\/wp\/v2\/posts\/4699"}],"collection":[{"href":"https:\/\/www.zszarzecze.pl\/index.php?rest_route=\/wp\/v2\/posts"}],"about":[{"href":"https:\/\/www.zszarzecze.pl\/index.php?rest_route=\/wp\/v2\/types\/post"}],"author":[{"embeddable":true,"href":"https:\/\/www.zszarzecze.pl\/index.php?rest_route=\/wp\/v2\/users\/1"}],"replies":[{"embeddable":true,"href":"https:\/\/www.zszarzecze.pl\/index.php?rest_route=%2Fwp%2Fv2%2Fcomments&post=4699"}],"version-history":[{"count":2,"href":"https:\/\/www.zszarzecze.pl\/index.php?rest_route=\/wp\/v2\/posts\/4699\/revisions"}],"predecessor-version":[{"id":4737,"href":"https:\/\/www.zszarzecze.pl\/index.php?rest_route=\/wp\/v2\/posts\/4699\/revisions\/4737"}],"wp:featuredmedia":[{"embeddable":true,"href":"https:\/\/www.zszarzecze.pl\/index.php?rest_route=\/wp\/v2\/media\/4734"}],"wp:attachment":[{"href":"https:\/\/www.zszarzecze.pl\/index.php?rest_route=%2Fwp%2Fv2%2Fmedia&parent=4699"}],"wp:term":[{"taxonomy":"category","embeddable":true,"href":"https:\/\/www.zszarzecze.pl\/index.php?rest_route=%2Fwp%2Fv2%2Fcategories&post=4699"},{"taxonomy":"post_tag","embeddable":true,"href":"https:\/\/www.zszarzecze.pl\/index.php?rest_route=%2Fwp%2Fv2%2Ftags&post=4699"}],"curies":[{"name":"wp","href":"https:\/\/api.w.org\/{rel}","templated":true}]}}