{"id":395,"date":"2020-09-14T17:32:34","date_gmt":"2020-09-14T15:32:34","guid":{"rendered":"https:\/\/pgzarzecze.home.pl\/autoinstalator\/wordpressplugins\/?p=395"},"modified":"2020-09-14T17:32:36","modified_gmt":"2020-09-14T15:32:36","slug":"spotkanie-rodzicow-z-wychowawcami","status":"publish","type":"post","link":"https:\/\/www.zszarzecze.pl\/?p=395","title":{"rendered":"Spotkanie rodzic\u00f3w z wychowawcami"},"content":{"rendered":"\n<p class=\"has-text-align-center\">W dniu 17 wrze\u015bnia 2020 r. (czwartek) odb\u0119dzie si\u0119 spotkanie rodzic\u00f3w uczni\u00f3w Szko\u0142y Podstawowej im Jana Paw\u0142a II w\u00a0Zarzeczu z\u00a0wychowawcami klas.<\/p>\n\n\n\n<p>W zwi\u0105zku z&nbsp;zapobieganiem, przeciwdzia\u0142aniem i zwalczaniem COVID-19, wywiad\u00f3wka odb\u0119dzie si\u0119 w salach lekcyjnych w godzinach:<\/p>\n\n\n\n<p>Klasy \u201eO\u201d o godz. 15<sup>30<\/sup><\/p>\n\n\n\n<p>Klasy I-III o godz. 16<sup>00<\/sup><\/p>\n\n\n\n<p>Klasy IV-VI o godz. 16<sup>30<\/sup><\/p>\n\n\n\n<p>Klasy VII \u2013 VIII o godz. 17<sup>00<\/sup><sup><\/sup><\/p>\n\n\n\n<p>Nauczyciele nieb\u0119d\u0105cy wychowawcami udzielaj\u0105 informacji w trakcie trwania wywiad\u00f3wki w pokoju nauczycielskim.<\/p>\n\n\n\n<p>Licz\u0119 na niezawodne przybycie.<\/p>\n\n\n\n<p class=\"has-text-align-right\">DYREKTOR ZESPO\u0141U SZK\u00d3\u0141<\/p>\n\n\n\n<p class=\"has-text-align-right\">dr Krzysztof Majkowski<\/p>\n","protected":false},"excerpt":{"rendered":"<p>W dniu 17 wrze\u015bnia 2020 r. (czwartek) odb\u0119dzie si\u0119 spotkanie rodzic\u00f3w uczni\u00f3w Szko\u0142y Podstawowej im Jana Paw\u0142a II w\u00a0Zarzeczu z\u00a0wychowawcami klas. W zwi\u0105zku z&nbsp;zapobieganiem, przeciwdzia\u0142aniem i zwalczaniem COVID-19, wywiad\u00f3wka odb\u0119dzie si\u0119 w salach lekcyjnych w godzinach: Klasy \u201eO\u201d o godz. 1530 Klasy I-III o godz. 1600 Klasy IV-VI o godz. 1630 Klasy VII \u2013 VIII [&hellip;]<\/p>\n","protected":false},"author":1,"featured_media":396,"comment_status":"closed","ping_status":"closed","sticky":false,"template":"","format":"standard","meta":{"ngg_post_thumbnail":0},"categories":[1,4],"tags":[],"yoast_head":"<!-- This site is optimized with the Yoast SEO plugin v16.9 - https:\/\/yoast.com\/wordpress\/plugins\/seo\/ -->\n<title>Spotkanie rodzic\u00f3w z wychowawcami - Zesp\u00f3\u0142 Szk\u00f3\u0142 w Zarzeczu<\/title>\n<meta name=\"robots\" content=\"index, follow, max-snippet:-1, max-image-preview:large, max-video-preview:-1\" \/>\n<link rel=\"canonical\" href=\"https:\/\/pgzarzecze.home.pl\/autoinstalator\/wordpressplugins\/?p=395\" \/>\n<meta property=\"og:locale\" content=\"pl_PL\" \/>\n<meta property=\"og:type\" content=\"article\" \/>\n<meta property=\"og:title\" content=\"Spotkanie rodzic\u00f3w z wychowawcami - Zesp\u00f3\u0142 Szk\u00f3\u0142 w Zarzeczu\" \/>\n<meta property=\"og:description\" content=\"W dniu 17 wrze\u015bnia 2020 r. (czwartek) odb\u0119dzie si\u0119 spotkanie rodzic\u00f3w uczni\u00f3w Szko\u0142y Podstawowej im Jana Paw\u0142a II w\u00a0Zarzeczu z\u00a0wychowawcami klas. W zwi\u0105zku z&nbsp;zapobieganiem, przeciwdzia\u0142aniem i zwalczaniem COVID-19, wywiad\u00f3wka odb\u0119dzie si\u0119 w salach lekcyjnych w godzinach: Klasy \u201eO\u201d o godz. 1530 Klasy I-III o godz. 1600 Klasy IV-VI o godz. 1630 Klasy VII \u2013 VIII [&hellip;]\" \/>\n<meta property=\"og:url\" content=\"https:\/\/pgzarzecze.home.pl\/autoinstalator\/wordpressplugins\/?p=395\" \/>\n<meta property=\"og:site_name\" content=\"Zesp\u00f3\u0142 Szk\u00f3\u0142 w Zarzeczu\" \/>\n<meta property=\"article:published_time\" content=\"2020-09-14T15:32:34+00:00\" \/>\n<meta property=\"article:modified_time\" content=\"2020-09-14T15:32:36+00:00\" \/>\n<meta property=\"og:image\" content=\"https:\/\/pgzarzecze.home.pl\/autoinstalator\/wordpressplugins\/wp-content\/uploads\/2020\/09\/wywiadowka.jpg\" \/>\n\t<meta property=\"og:image:width\" content=\"400\" \/>\n\t<meta property=\"og:image:height\" content=\"260\" \/>\n<meta name=\"twitter:card\" content=\"summary_large_image\" \/>\n<meta name=\"twitter:label1\" content=\"Napisane przez\" \/>\n\t<meta name=\"twitter:data1\" content=\"admin\" \/>\n<script type=\"application\/ld+json\" class=\"yoast-schema-graph\">{\"@context\":\"https:\/\/schema.org\",\"@graph\":[{\"@type\":\"WebSite\",\"@id\":\"https:\/\/www.zszarzecze.pl\/#website\",\"url\":\"https:\/\/www.zszarzecze.pl\/\",\"name\":\"Zesp\\u00f3\\u0142 Szk\\u00f3\\u0142 w Zarzeczu\",\"description\":\"\",\"potentialAction\":[{\"@type\":\"SearchAction\",\"target\":{\"@type\":\"EntryPoint\",\"urlTemplate\":\"https:\/\/www.zszarzecze.pl\/?s={search_term_string}\"},\"query-input\":\"required name=search_term_string\"}],\"inLanguage\":\"pl-PL\"},{\"@type\":\"ImageObject\",\"@id\":\"https:\/\/pgzarzecze.home.pl\/autoinstalator\/wordpressplugins\/?p=395#primaryimage\",\"inLanguage\":\"pl-PL\",\"url\":\"https:\/\/www.zszarzecze.pl\/wp-content\/uploads\/2020\/09\/wywiadowka.jpg\",\"contentUrl\":\"https:\/\/www.zszarzecze.pl\/wp-content\/uploads\/2020\/09\/wywiadowka.jpg\",\"width\":400,\"height\":260},{\"@type\":\"WebPage\",\"@id\":\"https:\/\/pgzarzecze.home.pl\/autoinstalator\/wordpressplugins\/?p=395#webpage\",\"url\":\"https:\/\/pgzarzecze.home.pl\/autoinstalator\/wordpressplugins\/?p=395\",\"name\":\"Spotkanie rodzic\\u00f3w z wychowawcami - Zesp\\u00f3\\u0142 Szk\\u00f3\\u0142 w Zarzeczu\",\"isPartOf\":{\"@id\":\"https:\/\/www.zszarzecze.pl\/#website\"},\"primaryImageOfPage\":{\"@id\":\"https:\/\/pgzarzecze.home.pl\/autoinstalator\/wordpressplugins\/?p=395#primaryimage\"},\"datePublished\":\"2020-09-14T15:32:34+00:00\",\"dateModified\":\"2020-09-14T15:32:36+00:00\",\"author\":{\"@id\":\"https:\/\/www.zszarzecze.pl\/#\/schema\/person\/8e8f7f8c0befe974ec9d3ad220258fa8\"},\"breadcrumb\":{\"@id\":\"https:\/\/pgzarzecze.home.pl\/autoinstalator\/wordpressplugins\/?p=395#breadcrumb\"},\"inLanguage\":\"pl-PL\",\"potentialAction\":[{\"@type\":\"ReadAction\",\"target\":[\"https:\/\/pgzarzecze.home.pl\/autoinstalator\/wordpressplugins\/?p=395\"]}]},{\"@type\":\"BreadcrumbList\",\"@id\":\"https:\/\/pgzarzecze.home.pl\/autoinstalator\/wordpressplugins\/?p=395#breadcrumb\",\"itemListElement\":[{\"@type\":\"ListItem\",\"position\":1,\"name\":\"Home\",\"item\":\"https:\/\/www.zszarzecze.pl\/\"},{\"@type\":\"ListItem\",\"position\":2,\"name\":\"Spotkanie rodzic\\u00f3w z wychowawcami\"}]},{\"@type\":\"Person\",\"@id\":\"https:\/\/www.zszarzecze.pl\/#\/schema\/person\/8e8f7f8c0befe974ec9d3ad220258fa8\",\"name\":\"admin\",\"image\":{\"@type\":\"ImageObject\",\"@id\":\"https:\/\/www.zszarzecze.pl\/#personlogo\",\"inLanguage\":\"pl-PL\",\"url\":\"https:\/\/secure.gravatar.com\/avatar\/8a3676dc20488b2b0b9c4f534d72a1d0?s=96&d=mm&r=g\",\"contentUrl\":\"https:\/\/secure.gravatar.com\/avatar\/8a3676dc20488b2b0b9c4f534d72a1d0?s=96&d=mm&r=g\",\"caption\":\"admin\"},\"url\":\"https:\/\/www.zszarzecze.pl\/?author=1\"}]}<\/script>\n<!-- \/ Yoast SEO plugin. -->","yoast_head_json":{"title":"Spotkanie rodzic\u00f3w z wychowawcami - Zesp\u00f3\u0142 Szk\u00f3\u0142 w Zarzeczu","robots":{"index":"index","follow":"follow","max-snippet":"max-snippet:-1","max-image-preview":"max-image-preview:large","max-video-preview":"max-video-preview:-1"},"canonical":"https:\/\/pgzarzecze.home.pl\/autoinstalator\/wordpressplugins\/?p=395","og_locale":"pl_PL","og_type":"article","og_title":"Spotkanie rodzic\u00f3w z wychowawcami - Zesp\u00f3\u0142 Szk\u00f3\u0142 w Zarzeczu","og_description":"W dniu 17 wrze\u015bnia 2020 r. (czwartek) odb\u0119dzie si\u0119 spotkanie rodzic\u00f3w uczni\u00f3w Szko\u0142y Podstawowej im Jana Paw\u0142a II w\u00a0Zarzeczu z\u00a0wychowawcami klas. W zwi\u0105zku z&nbsp;zapobieganiem, przeciwdzia\u0142aniem i zwalczaniem COVID-19, wywiad\u00f3wka odb\u0119dzie si\u0119 w salach lekcyjnych w godzinach: Klasy \u201eO\u201d o godz. 1530 Klasy I-III o godz. 1600 Klasy IV-VI o godz. 1630 Klasy VII \u2013 VIII [&hellip;]","og_url":"https:\/\/pgzarzecze.home.pl\/autoinstalator\/wordpressplugins\/?p=395","og_site_name":"Zesp\u00f3\u0142 Szk\u00f3\u0142 w Zarzeczu","article_published_time":"2020-09-14T15:32:34+00:00","article_modified_time":"2020-09-14T15:32:36+00:00","og_image":[{"width":400,"height":260,"url":"https:\/\/pgzarzecze.home.pl\/autoinstalator\/wordpressplugins\/wp-content\/uploads\/2020\/09\/wywiadowka.jpg","path":"\/autoinstalator\/wordpressplugins\/wp-content\/uploads\/2020\/09\/wywiadowka.jpg","size":"full","id":396,"alt":"","pixels":104000,"type":"image\/jpeg"}],"twitter_card":"summary_large_image","twitter_misc":{"Napisane przez":"admin"},"schema":{"@context":"https:\/\/schema.org","@graph":[{"@type":"WebSite","@id":"https:\/\/www.zszarzecze.pl\/#website","url":"https:\/\/www.zszarzecze.pl\/","name":"Zesp\u00f3\u0142 Szk\u00f3\u0142 w Zarzeczu","description":"","potentialAction":[{"@type":"SearchAction","target":{"@type":"EntryPoint","urlTemplate":"https:\/\/www.zszarzecze.pl\/?s={search_term_string}"},"query-input":"required name=search_term_string"}],"inLanguage":"pl-PL"},{"@type":"ImageObject","@id":"https:\/\/pgzarzecze.home.pl\/autoinstalator\/wordpressplugins\/?p=395#primaryimage","inLanguage":"pl-PL","url":"https:\/\/www.zszarzecze.pl\/wp-content\/uploads\/2020\/09\/wywiadowka.jpg","contentUrl":"https:\/\/www.zszarzecze.pl\/wp-content\/uploads\/2020\/09\/wywiadowka.jpg","width":400,"height":260},{"@type":"WebPage","@id":"https:\/\/pgzarzecze.home.pl\/autoinstalator\/wordpressplugins\/?p=395#webpage","url":"https:\/\/pgzarzecze.home.pl\/autoinstalator\/wordpressplugins\/?p=395","name":"Spotkanie rodzic\u00f3w z wychowawcami - Zesp\u00f3\u0142 Szk\u00f3\u0142 w Zarzeczu","isPartOf":{"@id":"https:\/\/www.zszarzecze.pl\/#website"},"primaryImageOfPage":{"@id":"https:\/\/pgzarzecze.home.pl\/autoinstalator\/wordpressplugins\/?p=395#primaryimage"},"datePublished":"2020-09-14T15:32:34+00:00","dateModified":"2020-09-14T15:32:36+00:00","author":{"@id":"https:\/\/www.zszarzecze.pl\/#\/schema\/person\/8e8f7f8c0befe974ec9d3ad220258fa8"},"breadcrumb":{"@id":"https:\/\/pgzarzecze.home.pl\/autoinstalator\/wordpressplugins\/?p=395#breadcrumb"},"inLanguage":"pl-PL","potentialAction":[{"@type":"ReadAction","target":["https:\/\/pgzarzecze.home.pl\/autoinstalator\/wordpressplugins\/?p=395"]}]},{"@type":"BreadcrumbList","@id":"https:\/\/pgzarzecze.home.pl\/autoinstalator\/wordpressplugins\/?p=395#breadcrumb","itemListElement":[{"@type":"ListItem","position":1,"name":"Home","item":"https:\/\/www.zszarzecze.pl\/"},{"@type":"ListItem","position":2,"name":"Spotkanie rodzic\u00f3w z wychowawcami"}]},{"@type":"Person","@id":"https:\/\/www.zszarzecze.pl\/#\/schema\/person\/8e8f7f8c0befe974ec9d3ad220258fa8","name":"admin","image":{"@type":"ImageObject","@id":"https:\/\/www.zszarzecze.pl\/#personlogo","inLanguage":"pl-PL","url":"https:\/\/secure.gravatar.com\/avatar\/8a3676dc20488b2b0b9c4f534d72a1d0?s=96&d=mm&r=g","contentUrl":"https:\/\/secure.gravatar.com\/avatar\/8a3676dc20488b2b0b9c4f534d72a1d0?s=96&d=mm&r=g","caption":"admin"},"url":"https:\/\/www.zszarzecze.pl\/?author=1"}]}},"_links":{"self":[{"href":"https:\/\/www.zszarzecze.pl\/index.php?rest_route=\/wp\/v2\/posts\/395"}],"collection":[{"href":"https:\/\/www.zszarzecze.pl\/index.php?rest_route=\/wp\/v2\/posts"}],"about":[{"href":"https:\/\/www.zszarzecze.pl\/index.php?rest_route=\/wp\/v2\/types\/post"}],"author":[{"embeddable":true,"href":"https:\/\/www.zszarzecze.pl\/index.php?rest_route=\/wp\/v2\/users\/1"}],"replies":[{"embeddable":true,"href":"https:\/\/www.zszarzecze.pl\/index.php?rest_route=%2Fwp%2Fv2%2Fcomments&post=395"}],"version-history":[{"count":1,"href":"https:\/\/www.zszarzecze.pl\/index.php?rest_route=\/wp\/v2\/posts\/395\/revisions"}],"predecessor-version":[{"id":397,"href":"https:\/\/www.zszarzecze.pl\/index.php?rest_route=\/wp\/v2\/posts\/395\/revisions\/397"}],"wp:featuredmedia":[{"embeddable":true,"href":"https:\/\/www.zszarzecze.pl\/index.php?rest_route=\/wp\/v2\/media\/396"}],"wp:attachment":[{"href":"https:\/\/www.zszarzecze.pl\/index.php?rest_route=%2Fwp%2Fv2%2Fmedia&parent=395"}],"wp:term":[{"taxonomy":"category","embeddable":true,"href":"https:\/\/www.zszarzecze.pl\/index.php?rest_route=%2Fwp%2Fv2%2Fcategories&post=395"},{"taxonomy":"post_tag","embeddable":true,"href":"https:\/\/www.zszarzecze.pl\/index.php?rest_route=%2Fwp%2Fv2%2Ftags&post=395"}],"curies":[{"name":"wp","href":"https:\/\/api.w.org\/{rel}","templated":true}]}}