{"id":3316,"date":"2022-04-19T19:58:27","date_gmt":"2022-04-19T17:58:27","guid":{"rendered":"https:\/\/www.zszarzecze.pl\/?p=3316"},"modified":"2022-04-19T19:59:50","modified_gmt":"2022-04-19T17:59:50","slug":"projekt-mali-matematycy-klasa-i-b","status":"publish","type":"post","link":"https:\/\/www.zszarzecze.pl\/?p=3316","title":{"rendered":"Projekt Mali Matematycy  &#8211; klasa I b"},"content":{"rendered":"\n<p>Na pocz\u0105tku kwietnia 2022r. klasa I b w ramach projektu Mali Matematycy realizowanego dzi\u0119ki Programowi Uniwersytet Dzieci w Klasie zrealizowa\u0142a dwa dwugodzinne zaj\u0119cia: &#8221; Jak mo\u017cna mierzy\u0107 czas?&#8221; i \u201eIle papieru jest w rolce?\u201d.<\/p>\n\n\n\n<p>Na pierwszym z nich dzieci obejrza\u0142y film zaplanowany w scenariuszu zaj\u0119\u0107, kt\u00f3ry przybli\u017cy\u0142 uczniom r\u00f3\u017cne sposoby pomiaru czasu przez ludzi w epokach, kiedy nie znano jeszcze zegar\u00f3w. Uczniowie poprzez Internet poznali r\u00f3\u017cne rodzaje zegar\u00f3w s\u0142onecznych, a nast\u0119pnie z pomoc\u0105 nauczyciela, zbudowali klasowy zegar s\u0142oneczny. Szcz\u0119\u015bliwie w tym dniu by\u0142a s\u0142oneczna pogoda i klasowy zegar s\u0142oneczny dzia\u0142a\u0142 bez zarzutu. Dzieci odmierza\u0142y r\u00f3wnie\u017c czas za pomoc\u0105 wsp\u00f3lnie wykonanych wahade\u0142ek, kt\u00f3re odmierza\u0142y czas podskok\u00f3w, stania na jednej nodze itp.. Bardzo du\u017co rado\u015bci da\u0142a dzieciom praca w grupach, podczas kt\u00f3rej dzieci wykonywa\u0142y klepsydry odmierzaj\u0105ce r\u00f3\u017cny czas. Klepsydry wykonane by\u0142y wed\u0142ug instrukcji z ma\u0142ych, plastikowych butelek i wype\u0142nione by\u0142y&nbsp; ry\u017cem. Uczniowie wykorzystali samodzielnie wykonane klepsydry do \u0107wicze\u0144 i zabaw np. mierzyli czas odmierzany przez klepsydry stoperem, por\u00f3wnywali je, odmierzali czas wy\u015bcigu maskotek. Zaj\u0119cia bardzo podoba\u0142y si\u0119 uczniom, dostarczy\u0142y im wielu nowych wiadomo\u015bci i stworzy\u0142y okazj\u0119 do tw\u00f3rczego dzia\u0142ania.<\/p>\n\n\n\n<p>Na pocz\u0105tku drugiego zaj\u0119cia uczniowie uczestniczyli w zabawie, dzi\u0119ki kt\u00f3rej mogli do\u015bwiadczy\u0107, \u017ce istnieje r\u00f3\u017cnorodno\u015b\u0107 miar i \u017ce mo\u017cna mierzy\u0107 rzeczy w r\u00f3\u017cny spos\u00f3b. Dzieci samodzielnie ustawia\u0142y si\u0119 wed\u0142ug wzrostu, a potem d\u0142ugo\u015bci w\u0142os\u00f3w. Nast\u0119pnie otrzyma\u0142y kawa\u0142ki papiery toaletowego r\u00f3wnej d\u0142ugo\u015bci i wymy\u015bla\u0142y, w jaki spos\u00f3b mog\u0105 je zmierzy\u0107 bez pomocy linijki. Pomys\u0142\u00f3w by\u0142o wiele, a potem by\u0142a ich realizacja i dobra zabawa. Uczniowie pomagali sobie wzajemnie mierz\u0105c kawa\u0142ki papieru palcami, d\u0142oni\u0105, sznureczkiem, kredk\u0105, strugaczk\u0105 itp. Kolejne zadanie polega\u0142o ma zmierzeniu wybran\u0105 miark\u0105 d\u0142ugo\u015bci papieru z ca\u0142ej rolki wybran\u0105 miark\u0105. Zdecydowano, \u017ce miar\u0105 t\u0105 b\u0119d\u0105 kroki. Ka\u017cdy ucze\u0144 samodzielnie odmierza\u0142 krokami d\u0142ugo\u015b\u0107 papieru, a potem by\u0142a dyskusja, dlaczego prawie ka\u017cdemu wyszed\u0142 inny wynik i pr\u00f3ba wyja\u015bnienia przyczyny. Zaj\u0119cia bardzo zaciekawi\u0142y dzieci, pobudza\u0142y ich do my\u015blenia i stwarza\u0142y sytuacje do wsp\u00f3\u0142pracy w mniejszych i wi\u0119kszych grupach.<\/p>\n\n\n\n<p>\u00a0\u00a0\u00a0\u00a0\u00a0\u00a0\u00a0\u00a0\u00a0\u00a0\u00a0\u00a0\u00a0\u00a0\u00a0\u00a0\u00a0\u00a0\u00a0\u00a0\u00a0\u00a0\u00a0\u00a0\u00a0\u00a0\u00a0\u00a0\u00a0\u00a0\u00a0\u00a0\u00a0\u00a0\u00a0\u00a0\u00a0\u00a0\u00a0\u00a0\u00a0\u00a0\u00a0\u00a0\u00a0\u00a0\u00a0\u00a0\u00a0\u00a0\u00a0\u00a0\u00a0\u00a0\u00a0\u00a0\u00a0\u00a0\u00a0\u00a0\u00a0 \u00a0\u00a0\u00a0\u00a0\u00a0\u00a0\u00a0\u00a0\u00a0\u00a0\u00a0\u00a0\u00a0\u00a0\u00a0\u00a0\u00a0\u00a0\u00a0\u00a0\u00a0\u00a0\u00a0\u00a0\u00a0\u00a0\u00a0\u00a0\u00a0\u00a0\u00a0\u00a0\u00a0\u00a0\u00a0\u00a0\u00a0\u00a0\u00a0Ma\u0142gorzata Rochacka<\/p>\n\n\n\n<p><\/p>\n\n\n\nngg_shortcode_0_placeholder\n","protected":false},"excerpt":{"rendered":"<p>Na pocz\u0105tku kwietnia 2022r. klasa I b w ramach projektu Mali Matematycy realizowanego dzi\u0119ki Programowi Uniwersytet Dzieci w Klasie zrealizowa\u0142a dwa dwugodzinne zaj\u0119cia: &#8221; Jak mo\u017cna mierzy\u0107 czas?&#8221; i \u201eIle papieru jest w rolce?\u201d. Na pierwszym z nich dzieci obejrza\u0142y film zaplanowany w scenariuszu zaj\u0119\u0107, kt\u00f3ry przybli\u017cy\u0142 uczniom r\u00f3\u017cne sposoby pomiaru czasu przez ludzi w [&hellip;]<\/p>\n","protected":false},"author":1,"featured_media":3329,"comment_status":"closed","ping_status":"closed","sticky":false,"template":"","format":"standard","meta":{"ngg_post_thumbnail":0},"categories":[1],"tags":[],"yoast_head":"<!-- This site is optimized with the Yoast SEO plugin v16.9 - https:\/\/yoast.com\/wordpress\/plugins\/seo\/ -->\n<title>Projekt Mali Matematycy - klasa I b - Zesp\u00f3\u0142 Szk\u00f3\u0142 w Zarzeczu<\/title>\n<meta name=\"robots\" content=\"index, follow, max-snippet:-1, max-image-preview:large, max-video-preview:-1\" \/>\n<link rel=\"canonical\" href=\"https:\/\/www.zszarzecze.pl\/?p=3316\" \/>\n<meta property=\"og:locale\" content=\"pl_PL\" \/>\n<meta property=\"og:type\" content=\"article\" \/>\n<meta property=\"og:title\" content=\"Projekt Mali Matematycy - klasa I b - Zesp\u00f3\u0142 Szk\u00f3\u0142 w Zarzeczu\" \/>\n<meta property=\"og:description\" content=\"Na pocz\u0105tku kwietnia 2022r. klasa I b w ramach projektu Mali Matematycy realizowanego dzi\u0119ki Programowi Uniwersytet Dzieci w Klasie zrealizowa\u0142a dwa dwugodzinne zaj\u0119cia: &#8221; Jak mo\u017cna mierzy\u0107 czas?&#8221; i \u201eIle papieru jest w rolce?\u201d. Na pierwszym z nich dzieci obejrza\u0142y film zaplanowany w scenariuszu zaj\u0119\u0107, kt\u00f3ry przybli\u017cy\u0142 uczniom r\u00f3\u017cne sposoby pomiaru czasu przez ludzi w [&hellip;]\" \/>\n<meta property=\"og:url\" content=\"https:\/\/www.zszarzecze.pl\/?p=3316\" \/>\n<meta property=\"og:site_name\" content=\"Zesp\u00f3\u0142 Szk\u00f3\u0142 w Zarzeczu\" \/>\n<meta property=\"article:published_time\" content=\"2022-04-19T17:58:27+00:00\" \/>\n<meta property=\"article:modified_time\" content=\"2022-04-19T17:59:50+00:00\" \/>\n<meta property=\"og:image\" content=\"https:\/\/www.zszarzecze.pl\/wp-content\/uploads\/2022\/04\/mierzymy-czas-3.jpg\" \/>\n\t<meta property=\"og:image:width\" content=\"302\" \/>\n\t<meta property=\"og:image:height\" content=\"540\" \/>\n<meta name=\"twitter:card\" content=\"summary_large_image\" \/>\n<meta name=\"twitter:label1\" content=\"Napisane przez\" \/>\n\t<meta name=\"twitter:data1\" content=\"admin\" \/>\n\t<meta name=\"twitter:label2\" content=\"Szacowany czas czytania\" \/>\n\t<meta name=\"twitter:data2\" content=\"2 minuty\" \/>\n<script type=\"application\/ld+json\" class=\"yoast-schema-graph\">{\"@context\":\"https:\/\/schema.org\",\"@graph\":[{\"@type\":\"WebSite\",\"@id\":\"https:\/\/www.zszarzecze.pl\/#website\",\"url\":\"https:\/\/www.zszarzecze.pl\/\",\"name\":\"Zesp\\u00f3\\u0142 Szk\\u00f3\\u0142 w Zarzeczu\",\"description\":\"\",\"potentialAction\":[{\"@type\":\"SearchAction\",\"target\":{\"@type\":\"EntryPoint\",\"urlTemplate\":\"https:\/\/www.zszarzecze.pl\/?s={search_term_string}\"},\"query-input\":\"required name=search_term_string\"}],\"inLanguage\":\"pl-PL\"},{\"@type\":\"ImageObject\",\"@id\":\"https:\/\/www.zszarzecze.pl\/?p=3316#primaryimage\",\"inLanguage\":\"pl-PL\",\"url\":\"https:\/\/www.zszarzecze.pl\/wp-content\/uploads\/2022\/04\/mierzymy-czas-3.jpg\",\"contentUrl\":\"https:\/\/www.zszarzecze.pl\/wp-content\/uploads\/2022\/04\/mierzymy-czas-3.jpg\",\"width\":302,\"height\":540},{\"@type\":\"WebPage\",\"@id\":\"https:\/\/www.zszarzecze.pl\/?p=3316#webpage\",\"url\":\"https:\/\/www.zszarzecze.pl\/?p=3316\",\"name\":\"Projekt Mali Matematycy - klasa I b - Zesp\\u00f3\\u0142 Szk\\u00f3\\u0142 w Zarzeczu\",\"isPartOf\":{\"@id\":\"https:\/\/www.zszarzecze.pl\/#website\"},\"primaryImageOfPage\":{\"@id\":\"https:\/\/www.zszarzecze.pl\/?p=3316#primaryimage\"},\"datePublished\":\"2022-04-19T17:58:27+00:00\",\"dateModified\":\"2022-04-19T17:59:50+00:00\",\"author\":{\"@id\":\"https:\/\/www.zszarzecze.pl\/#\/schema\/person\/8e8f7f8c0befe974ec9d3ad220258fa8\"},\"breadcrumb\":{\"@id\":\"https:\/\/www.zszarzecze.pl\/?p=3316#breadcrumb\"},\"inLanguage\":\"pl-PL\",\"potentialAction\":[{\"@type\":\"ReadAction\",\"target\":[\"https:\/\/www.zszarzecze.pl\/?p=3316\"]}]},{\"@type\":\"BreadcrumbList\",\"@id\":\"https:\/\/www.zszarzecze.pl\/?p=3316#breadcrumb\",\"itemListElement\":[{\"@type\":\"ListItem\",\"position\":1,\"name\":\"Home\",\"item\":\"https:\/\/www.zszarzecze.pl\/\"},{\"@type\":\"ListItem\",\"position\":2,\"name\":\"Projekt Mali Matematycy &#8211; klasa I b\"}]},{\"@type\":\"Person\",\"@id\":\"https:\/\/www.zszarzecze.pl\/#\/schema\/person\/8e8f7f8c0befe974ec9d3ad220258fa8\",\"name\":\"admin\",\"image\":{\"@type\":\"ImageObject\",\"@id\":\"https:\/\/www.zszarzecze.pl\/#personlogo\",\"inLanguage\":\"pl-PL\",\"url\":\"https:\/\/secure.gravatar.com\/avatar\/8a3676dc20488b2b0b9c4f534d72a1d0?s=96&d=mm&r=g\",\"contentUrl\":\"https:\/\/secure.gravatar.com\/avatar\/8a3676dc20488b2b0b9c4f534d72a1d0?s=96&d=mm&r=g\",\"caption\":\"admin\"},\"url\":\"https:\/\/www.zszarzecze.pl\/?author=1\"}]}<\/script>\n<!-- \/ Yoast SEO plugin. -->","yoast_head_json":{"title":"Projekt Mali Matematycy - klasa I b - Zesp\u00f3\u0142 Szk\u00f3\u0142 w Zarzeczu","robots":{"index":"index","follow":"follow","max-snippet":"max-snippet:-1","max-image-preview":"max-image-preview:large","max-video-preview":"max-video-preview:-1"},"canonical":"https:\/\/www.zszarzecze.pl\/?p=3316","og_locale":"pl_PL","og_type":"article","og_title":"Projekt Mali Matematycy - klasa I b - Zesp\u00f3\u0142 Szk\u00f3\u0142 w Zarzeczu","og_description":"Na pocz\u0105tku kwietnia 2022r. klasa I b w ramach projektu Mali Matematycy realizowanego dzi\u0119ki Programowi Uniwersytet Dzieci w Klasie zrealizowa\u0142a dwa dwugodzinne zaj\u0119cia: &#8221; Jak mo\u017cna mierzy\u0107 czas?&#8221; i \u201eIle papieru jest w rolce?\u201d. Na pierwszym z nich dzieci obejrza\u0142y film zaplanowany w scenariuszu zaj\u0119\u0107, kt\u00f3ry przybli\u017cy\u0142 uczniom r\u00f3\u017cne sposoby pomiaru czasu przez ludzi w [&hellip;]","og_url":"https:\/\/www.zszarzecze.pl\/?p=3316","og_site_name":"Zesp\u00f3\u0142 Szk\u00f3\u0142 w Zarzeczu","article_published_time":"2022-04-19T17:58:27+00:00","article_modified_time":"2022-04-19T17:59:50+00:00","og_image":[{"width":302,"height":540,"url":"https:\/\/www.zszarzecze.pl\/wp-content\/uploads\/2022\/04\/mierzymy-czas-3.jpg","path":"\/autoinstalator\/wordpressplugins\/wp-content\/uploads\/2022\/04\/mierzymy-czas-3.jpg","size":"full","id":3329,"alt":"","pixels":163080,"type":"image\/jpeg"}],"twitter_card":"summary_large_image","twitter_misc":{"Napisane przez":"admin","Szacowany czas czytania":"2 minuty"},"schema":{"@context":"https:\/\/schema.org","@graph":[{"@type":"WebSite","@id":"https:\/\/www.zszarzecze.pl\/#website","url":"https:\/\/www.zszarzecze.pl\/","name":"Zesp\u00f3\u0142 Szk\u00f3\u0142 w Zarzeczu","description":"","potentialAction":[{"@type":"SearchAction","target":{"@type":"EntryPoint","urlTemplate":"https:\/\/www.zszarzecze.pl\/?s={search_term_string}"},"query-input":"required name=search_term_string"}],"inLanguage":"pl-PL"},{"@type":"ImageObject","@id":"https:\/\/www.zszarzecze.pl\/?p=3316#primaryimage","inLanguage":"pl-PL","url":"https:\/\/www.zszarzecze.pl\/wp-content\/uploads\/2022\/04\/mierzymy-czas-3.jpg","contentUrl":"https:\/\/www.zszarzecze.pl\/wp-content\/uploads\/2022\/04\/mierzymy-czas-3.jpg","width":302,"height":540},{"@type":"WebPage","@id":"https:\/\/www.zszarzecze.pl\/?p=3316#webpage","url":"https:\/\/www.zszarzecze.pl\/?p=3316","name":"Projekt Mali Matematycy - klasa I b - Zesp\u00f3\u0142 Szk\u00f3\u0142 w Zarzeczu","isPartOf":{"@id":"https:\/\/www.zszarzecze.pl\/#website"},"primaryImageOfPage":{"@id":"https:\/\/www.zszarzecze.pl\/?p=3316#primaryimage"},"datePublished":"2022-04-19T17:58:27+00:00","dateModified":"2022-04-19T17:59:50+00:00","author":{"@id":"https:\/\/www.zszarzecze.pl\/#\/schema\/person\/8e8f7f8c0befe974ec9d3ad220258fa8"},"breadcrumb":{"@id":"https:\/\/www.zszarzecze.pl\/?p=3316#breadcrumb"},"inLanguage":"pl-PL","potentialAction":[{"@type":"ReadAction","target":["https:\/\/www.zszarzecze.pl\/?p=3316"]}]},{"@type":"BreadcrumbList","@id":"https:\/\/www.zszarzecze.pl\/?p=3316#breadcrumb","itemListElement":[{"@type":"ListItem","position":1,"name":"Home","item":"https:\/\/www.zszarzecze.pl\/"},{"@type":"ListItem","position":2,"name":"Projekt Mali Matematycy &#8211; klasa I b"}]},{"@type":"Person","@id":"https:\/\/www.zszarzecze.pl\/#\/schema\/person\/8e8f7f8c0befe974ec9d3ad220258fa8","name":"admin","image":{"@type":"ImageObject","@id":"https:\/\/www.zszarzecze.pl\/#personlogo","inLanguage":"pl-PL","url":"https:\/\/secure.gravatar.com\/avatar\/8a3676dc20488b2b0b9c4f534d72a1d0?s=96&d=mm&r=g","contentUrl":"https:\/\/secure.gravatar.com\/avatar\/8a3676dc20488b2b0b9c4f534d72a1d0?s=96&d=mm&r=g","caption":"admin"},"url":"https:\/\/www.zszarzecze.pl\/?author=1"}]}},"_links":{"self":[{"href":"https:\/\/www.zszarzecze.pl\/index.php?rest_route=\/wp\/v2\/posts\/3316"}],"collection":[{"href":"https:\/\/www.zszarzecze.pl\/index.php?rest_route=\/wp\/v2\/posts"}],"about":[{"href":"https:\/\/www.zszarzecze.pl\/index.php?rest_route=\/wp\/v2\/types\/post"}],"author":[{"embeddable":true,"href":"https:\/\/www.zszarzecze.pl\/index.php?rest_route=\/wp\/v2\/users\/1"}],"replies":[{"embeddable":true,"href":"https:\/\/www.zszarzecze.pl\/index.php?rest_route=%2Fwp%2Fv2%2Fcomments&post=3316"}],"version-history":[{"count":1,"href":"https:\/\/www.zszarzecze.pl\/index.php?rest_route=\/wp\/v2\/posts\/3316\/revisions"}],"predecessor-version":[{"id":3328,"href":"https:\/\/www.zszarzecze.pl\/index.php?rest_route=\/wp\/v2\/posts\/3316\/revisions\/3328"}],"wp:featuredmedia":[{"embeddable":true,"href":"https:\/\/www.zszarzecze.pl\/index.php?rest_route=\/wp\/v2\/media\/3329"}],"wp:attachment":[{"href":"https:\/\/www.zszarzecze.pl\/index.php?rest_route=%2Fwp%2Fv2%2Fmedia&parent=3316"}],"wp:term":[{"taxonomy":"category","embeddable":true,"href":"https:\/\/www.zszarzecze.pl\/index.php?rest_route=%2Fwp%2Fv2%2Fcategories&post=3316"},{"taxonomy":"post_tag","embeddable":true,"href":"https:\/\/www.zszarzecze.pl\/index.php?rest_route=%2Fwp%2Fv2%2Ftags&post=3316"}],"curies":[{"name":"wp","href":"https:\/\/api.w.org\/{rel}","templated":true}]}}