{"id":2023,"date":"2021-10-25T09:45:02","date_gmt":"2021-10-25T07:45:02","guid":{"rendered":"https:\/\/www.zszarzecze.pl\/?p=2023"},"modified":"2021-10-25T09:45:05","modified_gmt":"2021-10-25T07:45:05","slug":"najpiekniej-jak-mozna-dzis-wam-dziekujemy","status":"publish","type":"post","link":"https:\/\/www.zszarzecze.pl\/?p=2023","title":{"rendered":"&#8230; \u201e NAJPI\u0118KNIEJ JAK MO\u017bNA DZI\u015a WAM DZI\u0118KUJEMY! \u2018\u2019"},"content":{"rendered":"\n<p><strong>14 pa\u017adziernika<\/strong> to bardzo mi\u0142y dzie\u0144 zar\u00f3wno dla nauczycieli jak i dla samych uczni\u00f3w. Tradycyjnie jak co roku w ramach podzi\u0119kowania nauczycielom za ich trud w\u0142o\u017cony w edukacj\u0119 i wychowanie <strong>w&nbsp; Szkole Filialnej im. Stefana Kardyna\u0142a Wyszy\u0144skiego w Ro\u017cniatowie <\/strong>odby\u0142a si\u0119 akademia.<\/p>\n\n\n\n<p>&nbsp;<strong>Uczniowie klasy II i III pod kierunkiem pani Danuty Podolak<\/strong> zainscenizowali lekcj\u0119 na weso\u0142o, przedstawiaj\u0105c \u015bmieszne, zabawne odpowiedzi uczni\u00f3w na pytania nauczycielki. W humorystyczny spos\u00f3b zaprezentowali scenk\u0119 pt. \u201ePan Belfer by\u0142 chory\u201d&nbsp; M\u0142odzi arty\u015bci r\u00f3wnie\u017c&nbsp; piosenk\u0105 i s\u0142owem u\u015bwietnili ten wyj\u0105tkowy dzie\u0144. Wiele ciep\u0142ych i mi\u0142ych s\u0142\u00f3w pop\u0142yn\u0119\u0142o w kierunku naszych nauczycieli. Uczniowie docenili i podkre\u015blili swoj\u0105 &nbsp;wdzi\u0119czno\u015b\u0107 za codzienny trud pracy nauczyciela, jego po\u015bwi\u0119cenie, czujno\u015b\u0107 i &nbsp;trosk\u0119 o dobro wychowank\u00f3w.<\/p>\n\n\n\n<p>Uroczysto\u015b\u0107&nbsp; zaszczyci\u0142 swoj\u0105 obecno\u015bci\u0105 Pan Dyrektor Jan Szajny oraz rodzice naszych uczni\u00f3w.<\/p>\n\n\n\n<p><strong>\u201eW Dniu Waszego \u015awi\u0119ta wnosimy \u017cycze\u0144 wianek niech Wam si\u0119 u\u015bmiecha wiecz\u00f3r i poranek, niech zdrowie s\u0142u\u017cy, z\u0142o z daleka omija, a sukces zawodowy i szcz\u0119\u015bcie zawsze sprzyja!\u201d<\/strong><\/p>\n\n\n\nngg_shortcode_0_placeholder\n","protected":false},"excerpt":{"rendered":"<p>14 pa\u017adziernika to bardzo mi\u0142y dzie\u0144 zar\u00f3wno dla nauczycieli jak i dla samych uczni\u00f3w. Tradycyjnie jak co roku w ramach podzi\u0119kowania nauczycielom za ich trud w\u0142o\u017cony w edukacj\u0119 i wychowanie w&nbsp; Szkole Filialnej im. Stefana Kardyna\u0142a Wyszy\u0144skiego w Ro\u017cniatowie odby\u0142a si\u0119 akademia. &nbsp;Uczniowie klasy II i III pod kierunkiem pani Danuty Podolak zainscenizowali lekcj\u0119 na [&hellip;]<\/p>\n","protected":false},"author":1,"featured_media":2040,"comment_status":"closed","ping_status":"closed","sticky":false,"template":"","format":"standard","meta":{"ngg_post_thumbnail":0},"categories":[1],"tags":[],"yoast_head":"<!-- This site is optimized with the Yoast SEO plugin v16.9 - https:\/\/yoast.com\/wordpress\/plugins\/seo\/ -->\n<title>... \u201e NAJPI\u0118KNIEJ JAK MO\u017bNA DZI\u015a WAM DZI\u0118KUJEMY! \u2018\u2019 - Zesp\u00f3\u0142 Szk\u00f3\u0142 w Zarzeczu<\/title>\n<meta name=\"robots\" content=\"index, follow, max-snippet:-1, max-image-preview:large, max-video-preview:-1\" \/>\n<link rel=\"canonical\" href=\"https:\/\/www.zszarzecze.pl\/?p=2023\" \/>\n<meta property=\"og:locale\" content=\"pl_PL\" \/>\n<meta property=\"og:type\" content=\"article\" \/>\n<meta property=\"og:title\" content=\"... \u201e NAJPI\u0118KNIEJ JAK MO\u017bNA DZI\u015a WAM DZI\u0118KUJEMY! \u2018\u2019 - Zesp\u00f3\u0142 Szk\u00f3\u0142 w Zarzeczu\" \/>\n<meta property=\"og:description\" content=\"14 pa\u017adziernika to bardzo mi\u0142y dzie\u0144 zar\u00f3wno dla nauczycieli jak i dla samych uczni\u00f3w. Tradycyjnie jak co roku w ramach podzi\u0119kowania nauczycielom za ich trud w\u0142o\u017cony w edukacj\u0119 i wychowanie w&nbsp; Szkole Filialnej im. Stefana Kardyna\u0142a Wyszy\u0144skiego w Ro\u017cniatowie odby\u0142a si\u0119 akademia. &nbsp;Uczniowie klasy II i III pod kierunkiem pani Danuty Podolak zainscenizowali lekcj\u0119 na [&hellip;]\" \/>\n<meta property=\"og:url\" content=\"https:\/\/www.zszarzecze.pl\/?p=2023\" \/>\n<meta property=\"og:site_name\" content=\"Zesp\u00f3\u0142 Szk\u00f3\u0142 w Zarzeczu\" \/>\n<meta property=\"article:published_time\" content=\"2021-10-25T07:45:02+00:00\" \/>\n<meta property=\"article:modified_time\" content=\"2021-10-25T07:45:05+00:00\" \/>\n<meta property=\"og:image\" content=\"https:\/\/www.zszarzecze.pl\/wp-content\/uploads\/2021\/10\/14.jpg\" \/>\n\t<meta property=\"og:image:width\" content=\"1032\" \/>\n\t<meta property=\"og:image:height\" content=\"581\" \/>\n<meta name=\"twitter:card\" content=\"summary_large_image\" \/>\n<meta name=\"twitter:label1\" content=\"Napisane przez\" \/>\n\t<meta name=\"twitter:data1\" content=\"admin\" \/>\n\t<meta name=\"twitter:label2\" content=\"Szacowany czas czytania\" \/>\n\t<meta name=\"twitter:data2\" content=\"1 minuta\" \/>\n<script type=\"application\/ld+json\" class=\"yoast-schema-graph\">{\"@context\":\"https:\/\/schema.org\",\"@graph\":[{\"@type\":\"WebSite\",\"@id\":\"https:\/\/www.zszarzecze.pl\/#website\",\"url\":\"https:\/\/www.zszarzecze.pl\/\",\"name\":\"Zesp\\u00f3\\u0142 Szk\\u00f3\\u0142 w Zarzeczu\",\"description\":\"\",\"potentialAction\":[{\"@type\":\"SearchAction\",\"target\":{\"@type\":\"EntryPoint\",\"urlTemplate\":\"https:\/\/www.zszarzecze.pl\/?s={search_term_string}\"},\"query-input\":\"required name=search_term_string\"}],\"inLanguage\":\"pl-PL\"},{\"@type\":\"ImageObject\",\"@id\":\"https:\/\/www.zszarzecze.pl\/?p=2023#primaryimage\",\"inLanguage\":\"pl-PL\",\"url\":\"https:\/\/www.zszarzecze.pl\/wp-content\/uploads\/2021\/10\/14.jpg\",\"contentUrl\":\"https:\/\/www.zszarzecze.pl\/wp-content\/uploads\/2021\/10\/14.jpg\",\"width\":1032,\"height\":581},{\"@type\":\"WebPage\",\"@id\":\"https:\/\/www.zszarzecze.pl\/?p=2023#webpage\",\"url\":\"https:\/\/www.zszarzecze.pl\/?p=2023\",\"name\":\"... \\u201e NAJPI\\u0118KNIEJ JAK MO\\u017bNA DZI\\u015a WAM DZI\\u0118KUJEMY! \\u2018\\u2019 - Zesp\\u00f3\\u0142 Szk\\u00f3\\u0142 w Zarzeczu\",\"isPartOf\":{\"@id\":\"https:\/\/www.zszarzecze.pl\/#website\"},\"primaryImageOfPage\":{\"@id\":\"https:\/\/www.zszarzecze.pl\/?p=2023#primaryimage\"},\"datePublished\":\"2021-10-25T07:45:02+00:00\",\"dateModified\":\"2021-10-25T07:45:05+00:00\",\"author\":{\"@id\":\"https:\/\/www.zszarzecze.pl\/#\/schema\/person\/8e8f7f8c0befe974ec9d3ad220258fa8\"},\"breadcrumb\":{\"@id\":\"https:\/\/www.zszarzecze.pl\/?p=2023#breadcrumb\"},\"inLanguage\":\"pl-PL\",\"potentialAction\":[{\"@type\":\"ReadAction\",\"target\":[\"https:\/\/www.zszarzecze.pl\/?p=2023\"]}]},{\"@type\":\"BreadcrumbList\",\"@id\":\"https:\/\/www.zszarzecze.pl\/?p=2023#breadcrumb\",\"itemListElement\":[{\"@type\":\"ListItem\",\"position\":1,\"name\":\"Home\",\"item\":\"https:\/\/www.zszarzecze.pl\/\"},{\"@type\":\"ListItem\",\"position\":2,\"name\":\"&#8230; \\u201e NAJPI\\u0118KNIEJ JAK MO\\u017bNA DZI\\u015a WAM DZI\\u0118KUJEMY! \\u2018\\u2019\"}]},{\"@type\":\"Person\",\"@id\":\"https:\/\/www.zszarzecze.pl\/#\/schema\/person\/8e8f7f8c0befe974ec9d3ad220258fa8\",\"name\":\"admin\",\"image\":{\"@type\":\"ImageObject\",\"@id\":\"https:\/\/www.zszarzecze.pl\/#personlogo\",\"inLanguage\":\"pl-PL\",\"url\":\"https:\/\/secure.gravatar.com\/avatar\/8a3676dc20488b2b0b9c4f534d72a1d0?s=96&d=mm&r=g\",\"contentUrl\":\"https:\/\/secure.gravatar.com\/avatar\/8a3676dc20488b2b0b9c4f534d72a1d0?s=96&d=mm&r=g\",\"caption\":\"admin\"},\"url\":\"https:\/\/www.zszarzecze.pl\/?author=1\"}]}<\/script>\n<!-- \/ Yoast SEO plugin. -->","yoast_head_json":{"title":"... \u201e NAJPI\u0118KNIEJ JAK MO\u017bNA DZI\u015a WAM DZI\u0118KUJEMY! \u2018\u2019 - Zesp\u00f3\u0142 Szk\u00f3\u0142 w Zarzeczu","robots":{"index":"index","follow":"follow","max-snippet":"max-snippet:-1","max-image-preview":"max-image-preview:large","max-video-preview":"max-video-preview:-1"},"canonical":"https:\/\/www.zszarzecze.pl\/?p=2023","og_locale":"pl_PL","og_type":"article","og_title":"... \u201e NAJPI\u0118KNIEJ JAK MO\u017bNA DZI\u015a WAM DZI\u0118KUJEMY! \u2018\u2019 - Zesp\u00f3\u0142 Szk\u00f3\u0142 w Zarzeczu","og_description":"14 pa\u017adziernika to bardzo mi\u0142y dzie\u0144 zar\u00f3wno dla nauczycieli jak i dla samych uczni\u00f3w. Tradycyjnie jak co roku w ramach podzi\u0119kowania nauczycielom za ich trud w\u0142o\u017cony w edukacj\u0119 i wychowanie w&nbsp; Szkole Filialnej im. Stefana Kardyna\u0142a Wyszy\u0144skiego w Ro\u017cniatowie odby\u0142a si\u0119 akademia. &nbsp;Uczniowie klasy II i III pod kierunkiem pani Danuty Podolak zainscenizowali lekcj\u0119 na [&hellip;]","og_url":"https:\/\/www.zszarzecze.pl\/?p=2023","og_site_name":"Zesp\u00f3\u0142 Szk\u00f3\u0142 w Zarzeczu","article_published_time":"2021-10-25T07:45:02+00:00","article_modified_time":"2021-10-25T07:45:05+00:00","og_image":[{"width":1032,"height":581,"url":"https:\/\/www.zszarzecze.pl\/wp-content\/uploads\/2021\/10\/14.jpg","path":"\/autoinstalator\/wordpressplugins\/wp-content\/uploads\/2021\/10\/14.jpg","size":"full","id":2040,"alt":"","pixels":599592,"type":"image\/jpeg"}],"twitter_card":"summary_large_image","twitter_misc":{"Napisane przez":"admin","Szacowany czas czytania":"1 minuta"},"schema":{"@context":"https:\/\/schema.org","@graph":[{"@type":"WebSite","@id":"https:\/\/www.zszarzecze.pl\/#website","url":"https:\/\/www.zszarzecze.pl\/","name":"Zesp\u00f3\u0142 Szk\u00f3\u0142 w Zarzeczu","description":"","potentialAction":[{"@type":"SearchAction","target":{"@type":"EntryPoint","urlTemplate":"https:\/\/www.zszarzecze.pl\/?s={search_term_string}"},"query-input":"required name=search_term_string"}],"inLanguage":"pl-PL"},{"@type":"ImageObject","@id":"https:\/\/www.zszarzecze.pl\/?p=2023#primaryimage","inLanguage":"pl-PL","url":"https:\/\/www.zszarzecze.pl\/wp-content\/uploads\/2021\/10\/14.jpg","contentUrl":"https:\/\/www.zszarzecze.pl\/wp-content\/uploads\/2021\/10\/14.jpg","width":1032,"height":581},{"@type":"WebPage","@id":"https:\/\/www.zszarzecze.pl\/?p=2023#webpage","url":"https:\/\/www.zszarzecze.pl\/?p=2023","name":"... \u201e NAJPI\u0118KNIEJ JAK MO\u017bNA DZI\u015a WAM DZI\u0118KUJEMY! \u2018\u2019 - Zesp\u00f3\u0142 Szk\u00f3\u0142 w Zarzeczu","isPartOf":{"@id":"https:\/\/www.zszarzecze.pl\/#website"},"primaryImageOfPage":{"@id":"https:\/\/www.zszarzecze.pl\/?p=2023#primaryimage"},"datePublished":"2021-10-25T07:45:02+00:00","dateModified":"2021-10-25T07:45:05+00:00","author":{"@id":"https:\/\/www.zszarzecze.pl\/#\/schema\/person\/8e8f7f8c0befe974ec9d3ad220258fa8"},"breadcrumb":{"@id":"https:\/\/www.zszarzecze.pl\/?p=2023#breadcrumb"},"inLanguage":"pl-PL","potentialAction":[{"@type":"ReadAction","target":["https:\/\/www.zszarzecze.pl\/?p=2023"]}]},{"@type":"BreadcrumbList","@id":"https:\/\/www.zszarzecze.pl\/?p=2023#breadcrumb","itemListElement":[{"@type":"ListItem","position":1,"name":"Home","item":"https:\/\/www.zszarzecze.pl\/"},{"@type":"ListItem","position":2,"name":"&#8230; \u201e NAJPI\u0118KNIEJ JAK MO\u017bNA DZI\u015a WAM DZI\u0118KUJEMY! \u2018\u2019"}]},{"@type":"Person","@id":"https:\/\/www.zszarzecze.pl\/#\/schema\/person\/8e8f7f8c0befe974ec9d3ad220258fa8","name":"admin","image":{"@type":"ImageObject","@id":"https:\/\/www.zszarzecze.pl\/#personlogo","inLanguage":"pl-PL","url":"https:\/\/secure.gravatar.com\/avatar\/8a3676dc20488b2b0b9c4f534d72a1d0?s=96&d=mm&r=g","contentUrl":"https:\/\/secure.gravatar.com\/avatar\/8a3676dc20488b2b0b9c4f534d72a1d0?s=96&d=mm&r=g","caption":"admin"},"url":"https:\/\/www.zszarzecze.pl\/?author=1"}]}},"_links":{"self":[{"href":"https:\/\/www.zszarzecze.pl\/index.php?rest_route=\/wp\/v2\/posts\/2023"}],"collection":[{"href":"https:\/\/www.zszarzecze.pl\/index.php?rest_route=\/wp\/v2\/posts"}],"about":[{"href":"https:\/\/www.zszarzecze.pl\/index.php?rest_route=\/wp\/v2\/types\/post"}],"author":[{"embeddable":true,"href":"https:\/\/www.zszarzecze.pl\/index.php?rest_route=\/wp\/v2\/users\/1"}],"replies":[{"embeddable":true,"href":"https:\/\/www.zszarzecze.pl\/index.php?rest_route=%2Fwp%2Fv2%2Fcomments&post=2023"}],"version-history":[{"count":1,"href":"https:\/\/www.zszarzecze.pl\/index.php?rest_route=\/wp\/v2\/posts\/2023\/revisions"}],"predecessor-version":[{"id":2041,"href":"https:\/\/www.zszarzecze.pl\/index.php?rest_route=\/wp\/v2\/posts\/2023\/revisions\/2041"}],"wp:featuredmedia":[{"embeddable":true,"href":"https:\/\/www.zszarzecze.pl\/index.php?rest_route=\/wp\/v2\/media\/2040"}],"wp:attachment":[{"href":"https:\/\/www.zszarzecze.pl\/index.php?rest_route=%2Fwp%2Fv2%2Fmedia&parent=2023"}],"wp:term":[{"taxonomy":"category","embeddable":true,"href":"https:\/\/www.zszarzecze.pl\/index.php?rest_route=%2Fwp%2Fv2%2Fcategories&post=2023"},{"taxonomy":"post_tag","embeddable":true,"href":"https:\/\/www.zszarzecze.pl\/index.php?rest_route=%2Fwp%2Fv2%2Ftags&post=2023"}],"curies":[{"name":"wp","href":"https:\/\/api.w.org\/{rel}","templated":true}]}}