{"id":15477,"date":"2026-04-29T18:47:05","date_gmt":"2026-04-29T16:47:05","guid":{"rendered":"https:\/\/www.zszarzecze.pl\/?p=15477"},"modified":"2026-04-29T18:47:07","modified_gmt":"2026-04-29T16:47:07","slug":"rusza-uzupelniajaca-rekrutacja-do-przedszkola","status":"publish","type":"post","link":"https:\/\/www.zszarzecze.pl\/?p=15477","title":{"rendered":"RUSZA UZUPE\u0141NIAJ\u0104CA REKRUTACJA DO PRZEDSZKOLA !!!"},"content":{"rendered":"\n<p>Drodzy Rodzice, w zwi\u0105zku z tym, \u017ce na rok szkolny 2026\/2027 s\u0105 jeszcze wolne miejsca w przedszkolu, og\u0142aszamy rekrutacj\u0119 uzupe\u0142niaj\u0105c\u0105.<\/p>\n\n\n\n<p>Zapisu dzieci nale\u017cy dokona\u0107 w terminie <strong>od 4 maja do 13 maja 2026 r. <\/strong>zgodnie\u00a0z Zarz\u0105dzeniem Nr 8\/2026 W\u00f3jta Gminy Zarzecze z dnia 22 stycznia 2026 r. Wype\u0142nione dokumenty nale\u017cy z\u0142o\u017cy\u0107 w w\/w terminie, w sekretariacie szko\u0142y (poniedzia\u0142ek \u2013 pi\u0105tek,\u00a0w godz. 7:00-15:00).<\/p>\n\n\n\n<p>Dokumenty rekrutacyjne prosimy pobiera\u0107 z naszej stronie internetowej, z zak\u0142adki REKRUTACJA 2026\/2027 lub w sekretariacie szko\u0142y.<\/p>\n","protected":false},"excerpt":{"rendered":"<p>Drodzy Rodzice, w zwi\u0105zku z tym, \u017ce na rok szkolny 2026\/2027 s\u0105 jeszcze wolne miejsca w przedszkolu, og\u0142aszamy rekrutacj\u0119 uzupe\u0142niaj\u0105c\u0105. Zapisu dzieci nale\u017cy dokona\u0107 w terminie od 4 maja do 13 maja 2026 r. zgodnie\u00a0z Zarz\u0105dzeniem Nr 8\/2026 W\u00f3jta Gminy Zarzecze z dnia 22 stycznia 2026 r. Wype\u0142nione dokumenty nale\u017cy z\u0142o\u017cy\u0107 w w\/w terminie, w [&hellip;]<\/p>\n","protected":false},"author":1,"featured_media":15478,"comment_status":"closed","ping_status":"closed","sticky":false,"template":"","format":"standard","meta":{"ngg_post_thumbnail":0},"categories":[1],"tags":[],"yoast_head":"<!-- This site is optimized with the Yoast SEO plugin v16.9 - https:\/\/yoast.com\/wordpress\/plugins\/seo\/ -->\n<title>RUSZA UZUPE\u0141NIAJ\u0104CA REKRUTACJA DO PRZEDSZKOLA !!! - Zesp\u00f3\u0142 Szk\u00f3\u0142 w Zarzeczu<\/title>\n<meta name=\"robots\" content=\"index, follow, max-snippet:-1, max-image-preview:large, max-video-preview:-1\" \/>\n<link rel=\"canonical\" href=\"https:\/\/www.zszarzecze.pl\/?p=15477\" \/>\n<meta property=\"og:locale\" content=\"pl_PL\" \/>\n<meta property=\"og:type\" content=\"article\" \/>\n<meta property=\"og:title\" content=\"RUSZA UZUPE\u0141NIAJ\u0104CA REKRUTACJA DO PRZEDSZKOLA !!! - Zesp\u00f3\u0142 Szk\u00f3\u0142 w Zarzeczu\" \/>\n<meta property=\"og:description\" content=\"Drodzy Rodzice, w zwi\u0105zku z tym, \u017ce na rok szkolny 2026\/2027 s\u0105 jeszcze wolne miejsca w przedszkolu, og\u0142aszamy rekrutacj\u0119 uzupe\u0142niaj\u0105c\u0105. Zapisu dzieci nale\u017cy dokona\u0107 w terminie od 4 maja do 13 maja 2026 r. zgodnie\u00a0z Zarz\u0105dzeniem Nr 8\/2026 W\u00f3jta Gminy Zarzecze z dnia 22 stycznia 2026 r. Wype\u0142nione dokumenty nale\u017cy z\u0142o\u017cy\u0107 w w\/w terminie, w [&hellip;]\" \/>\n<meta property=\"og:url\" content=\"https:\/\/www.zszarzecze.pl\/?p=15477\" \/>\n<meta property=\"og:site_name\" content=\"Zesp\u00f3\u0142 Szk\u00f3\u0142 w Zarzeczu\" \/>\n<meta property=\"article:published_time\" content=\"2026-04-29T16:47:05+00:00\" \/>\n<meta property=\"article:modified_time\" content=\"2026-04-29T16:47:07+00:00\" \/>\n<meta property=\"og:image\" content=\"https:\/\/www.zszarzecze.pl\/wp-content\/uploads\/2026\/04\/plakat.jpg\" \/>\n\t<meta property=\"og:image:width\" content=\"843\" \/>\n\t<meta property=\"og:image:height\" content=\"514\" \/>\n<meta name=\"twitter:card\" content=\"summary_large_image\" \/>\n<meta name=\"twitter:label1\" content=\"Napisane przez\" \/>\n\t<meta name=\"twitter:data1\" content=\"admin\" \/>\n\t<meta name=\"twitter:label2\" content=\"Szacowany czas czytania\" \/>\n\t<meta name=\"twitter:data2\" content=\"1 minuta\" \/>\n<script type=\"application\/ld+json\" class=\"yoast-schema-graph\">{\"@context\":\"https:\/\/schema.org\",\"@graph\":[{\"@type\":\"WebSite\",\"@id\":\"https:\/\/www.zszarzecze.pl\/#website\",\"url\":\"https:\/\/www.zszarzecze.pl\/\",\"name\":\"Zesp\\u00f3\\u0142 Szk\\u00f3\\u0142 w Zarzeczu\",\"description\":\"\",\"potentialAction\":[{\"@type\":\"SearchAction\",\"target\":{\"@type\":\"EntryPoint\",\"urlTemplate\":\"https:\/\/www.zszarzecze.pl\/?s={search_term_string}\"},\"query-input\":\"required name=search_term_string\"}],\"inLanguage\":\"pl-PL\"},{\"@type\":\"ImageObject\",\"@id\":\"https:\/\/www.zszarzecze.pl\/?p=15477#primaryimage\",\"inLanguage\":\"pl-PL\",\"url\":\"https:\/\/www.zszarzecze.pl\/wp-content\/uploads\/2026\/04\/plakat.jpg\",\"contentUrl\":\"https:\/\/www.zszarzecze.pl\/wp-content\/uploads\/2026\/04\/plakat.jpg\",\"width\":843,\"height\":514},{\"@type\":\"WebPage\",\"@id\":\"https:\/\/www.zszarzecze.pl\/?p=15477#webpage\",\"url\":\"https:\/\/www.zszarzecze.pl\/?p=15477\",\"name\":\"RUSZA UZUPE\\u0141NIAJ\\u0104CA REKRUTACJA DO PRZEDSZKOLA !!! - Zesp\\u00f3\\u0142 Szk\\u00f3\\u0142 w Zarzeczu\",\"isPartOf\":{\"@id\":\"https:\/\/www.zszarzecze.pl\/#website\"},\"primaryImageOfPage\":{\"@id\":\"https:\/\/www.zszarzecze.pl\/?p=15477#primaryimage\"},\"datePublished\":\"2026-04-29T16:47:05+00:00\",\"dateModified\":\"2026-04-29T16:47:07+00:00\",\"author\":{\"@id\":\"https:\/\/www.zszarzecze.pl\/#\/schema\/person\/8e8f7f8c0befe974ec9d3ad220258fa8\"},\"breadcrumb\":{\"@id\":\"https:\/\/www.zszarzecze.pl\/?p=15477#breadcrumb\"},\"inLanguage\":\"pl-PL\",\"potentialAction\":[{\"@type\":\"ReadAction\",\"target\":[\"https:\/\/www.zszarzecze.pl\/?p=15477\"]}]},{\"@type\":\"BreadcrumbList\",\"@id\":\"https:\/\/www.zszarzecze.pl\/?p=15477#breadcrumb\",\"itemListElement\":[{\"@type\":\"ListItem\",\"position\":1,\"name\":\"Home\",\"item\":\"https:\/\/www.zszarzecze.pl\/\"},{\"@type\":\"ListItem\",\"position\":2,\"name\":\"RUSZA UZUPE\\u0141NIAJ\\u0104CA REKRUTACJA DO PRZEDSZKOLA !!!\"}]},{\"@type\":\"Person\",\"@id\":\"https:\/\/www.zszarzecze.pl\/#\/schema\/person\/8e8f7f8c0befe974ec9d3ad220258fa8\",\"name\":\"admin\",\"image\":{\"@type\":\"ImageObject\",\"@id\":\"https:\/\/www.zszarzecze.pl\/#personlogo\",\"inLanguage\":\"pl-PL\",\"url\":\"https:\/\/secure.gravatar.com\/avatar\/8a3676dc20488b2b0b9c4f534d72a1d0?s=96&d=mm&r=g\",\"contentUrl\":\"https:\/\/secure.gravatar.com\/avatar\/8a3676dc20488b2b0b9c4f534d72a1d0?s=96&d=mm&r=g\",\"caption\":\"admin\"},\"url\":\"https:\/\/www.zszarzecze.pl\/?author=1\"}]}<\/script>\n<!-- \/ Yoast SEO plugin. -->","yoast_head_json":{"title":"RUSZA UZUPE\u0141NIAJ\u0104CA REKRUTACJA DO PRZEDSZKOLA !!! - Zesp\u00f3\u0142 Szk\u00f3\u0142 w Zarzeczu","robots":{"index":"index","follow":"follow","max-snippet":"max-snippet:-1","max-image-preview":"max-image-preview:large","max-video-preview":"max-video-preview:-1"},"canonical":"https:\/\/www.zszarzecze.pl\/?p=15477","og_locale":"pl_PL","og_type":"article","og_title":"RUSZA UZUPE\u0141NIAJ\u0104CA REKRUTACJA DO PRZEDSZKOLA !!! - Zesp\u00f3\u0142 Szk\u00f3\u0142 w Zarzeczu","og_description":"Drodzy Rodzice, w zwi\u0105zku z tym, \u017ce na rok szkolny 2026\/2027 s\u0105 jeszcze wolne miejsca w przedszkolu, og\u0142aszamy rekrutacj\u0119 uzupe\u0142niaj\u0105c\u0105. Zapisu dzieci nale\u017cy dokona\u0107 w terminie od 4 maja do 13 maja 2026 r. zgodnie\u00a0z Zarz\u0105dzeniem Nr 8\/2026 W\u00f3jta Gminy Zarzecze z dnia 22 stycznia 2026 r. Wype\u0142nione dokumenty nale\u017cy z\u0142o\u017cy\u0107 w w\/w terminie, w [&hellip;]","og_url":"https:\/\/www.zszarzecze.pl\/?p=15477","og_site_name":"Zesp\u00f3\u0142 Szk\u00f3\u0142 w Zarzeczu","article_published_time":"2026-04-29T16:47:05+00:00","article_modified_time":"2026-04-29T16:47:07+00:00","og_image":[{"width":843,"height":514,"url":"https:\/\/www.zszarzecze.pl\/wp-content\/uploads\/2026\/04\/plakat.jpg","path":"\/autoinstalator\/wordpressplugins\/wp-content\/uploads\/2026\/04\/plakat.jpg","size":"full","id":15478,"alt":"","pixels":433302,"type":"image\/jpeg"}],"twitter_card":"summary_large_image","twitter_misc":{"Napisane przez":"admin","Szacowany czas czytania":"1 minuta"},"schema":{"@context":"https:\/\/schema.org","@graph":[{"@type":"WebSite","@id":"https:\/\/www.zszarzecze.pl\/#website","url":"https:\/\/www.zszarzecze.pl\/","name":"Zesp\u00f3\u0142 Szk\u00f3\u0142 w Zarzeczu","description":"","potentialAction":[{"@type":"SearchAction","target":{"@type":"EntryPoint","urlTemplate":"https:\/\/www.zszarzecze.pl\/?s={search_term_string}"},"query-input":"required name=search_term_string"}],"inLanguage":"pl-PL"},{"@type":"ImageObject","@id":"https:\/\/www.zszarzecze.pl\/?p=15477#primaryimage","inLanguage":"pl-PL","url":"https:\/\/www.zszarzecze.pl\/wp-content\/uploads\/2026\/04\/plakat.jpg","contentUrl":"https:\/\/www.zszarzecze.pl\/wp-content\/uploads\/2026\/04\/plakat.jpg","width":843,"height":514},{"@type":"WebPage","@id":"https:\/\/www.zszarzecze.pl\/?p=15477#webpage","url":"https:\/\/www.zszarzecze.pl\/?p=15477","name":"RUSZA UZUPE\u0141NIAJ\u0104CA REKRUTACJA DO PRZEDSZKOLA !!! - Zesp\u00f3\u0142 Szk\u00f3\u0142 w Zarzeczu","isPartOf":{"@id":"https:\/\/www.zszarzecze.pl\/#website"},"primaryImageOfPage":{"@id":"https:\/\/www.zszarzecze.pl\/?p=15477#primaryimage"},"datePublished":"2026-04-29T16:47:05+00:00","dateModified":"2026-04-29T16:47:07+00:00","author":{"@id":"https:\/\/www.zszarzecze.pl\/#\/schema\/person\/8e8f7f8c0befe974ec9d3ad220258fa8"},"breadcrumb":{"@id":"https:\/\/www.zszarzecze.pl\/?p=15477#breadcrumb"},"inLanguage":"pl-PL","potentialAction":[{"@type":"ReadAction","target":["https:\/\/www.zszarzecze.pl\/?p=15477"]}]},{"@type":"BreadcrumbList","@id":"https:\/\/www.zszarzecze.pl\/?p=15477#breadcrumb","itemListElement":[{"@type":"ListItem","position":1,"name":"Home","item":"https:\/\/www.zszarzecze.pl\/"},{"@type":"ListItem","position":2,"name":"RUSZA UZUPE\u0141NIAJ\u0104CA REKRUTACJA DO PRZEDSZKOLA !!!"}]},{"@type":"Person","@id":"https:\/\/www.zszarzecze.pl\/#\/schema\/person\/8e8f7f8c0befe974ec9d3ad220258fa8","name":"admin","image":{"@type":"ImageObject","@id":"https:\/\/www.zszarzecze.pl\/#personlogo","inLanguage":"pl-PL","url":"https:\/\/secure.gravatar.com\/avatar\/8a3676dc20488b2b0b9c4f534d72a1d0?s=96&d=mm&r=g","contentUrl":"https:\/\/secure.gravatar.com\/avatar\/8a3676dc20488b2b0b9c4f534d72a1d0?s=96&d=mm&r=g","caption":"admin"},"url":"https:\/\/www.zszarzecze.pl\/?author=1"}]}},"_links":{"self":[{"href":"https:\/\/www.zszarzecze.pl\/index.php?rest_route=\/wp\/v2\/posts\/15477"}],"collection":[{"href":"https:\/\/www.zszarzecze.pl\/index.php?rest_route=\/wp\/v2\/posts"}],"about":[{"href":"https:\/\/www.zszarzecze.pl\/index.php?rest_route=\/wp\/v2\/types\/post"}],"author":[{"embeddable":true,"href":"https:\/\/www.zszarzecze.pl\/index.php?rest_route=\/wp\/v2\/users\/1"}],"replies":[{"embeddable":true,"href":"https:\/\/www.zszarzecze.pl\/index.php?rest_route=%2Fwp%2Fv2%2Fcomments&post=15477"}],"version-history":[{"count":1,"href":"https:\/\/www.zszarzecze.pl\/index.php?rest_route=\/wp\/v2\/posts\/15477\/revisions"}],"predecessor-version":[{"id":15479,"href":"https:\/\/www.zszarzecze.pl\/index.php?rest_route=\/wp\/v2\/posts\/15477\/revisions\/15479"}],"wp:featuredmedia":[{"embeddable":true,"href":"https:\/\/www.zszarzecze.pl\/index.php?rest_route=\/wp\/v2\/media\/15478"}],"wp:attachment":[{"href":"https:\/\/www.zszarzecze.pl\/index.php?rest_route=%2Fwp%2Fv2%2Fmedia&parent=15477"}],"wp:term":[{"taxonomy":"category","embeddable":true,"href":"https:\/\/www.zszarzecze.pl\/index.php?rest_route=%2Fwp%2Fv2%2Fcategories&post=15477"},{"taxonomy":"post_tag","embeddable":true,"href":"https:\/\/www.zszarzecze.pl\/index.php?rest_route=%2Fwp%2Fv2%2Ftags&post=15477"}],"curies":[{"name":"wp","href":"https:\/\/api.w.org\/{rel}","templated":true}]}}