{"id":15409,"date":"2026-04-27T17:39:40","date_gmt":"2026-04-27T15:39:40","guid":{"rendered":"https:\/\/www.zszarzecze.pl\/?p=15409"},"modified":"2026-04-27T17:39:41","modified_gmt":"2026-04-27T15:39:41","slug":"mobilnosc-do-wloch-w-ramach-programu-erasmus-green-trace","status":"publish","type":"post","link":"https:\/\/www.zszarzecze.pl\/?p=15409","title":{"rendered":"Mobilno\u015b\u0107 do W\u0142och w ramach programu Erasmus + \u201e Green Trace\u201d."},"content":{"rendered":"\n<p><br>W dniach 19-24.04.2026 odby\u0142a si\u0119 mobilno\u015b\u0107 do W\u0142och w ramach programu Erasmus+ \u201eGreen Trace\u201d, kt\u00f3rej g\u0142\u00f3wnym celem by\u0142o rozwijanie \u015bwiadomo\u015bci ekologicznej, wsp\u00f3\u0142pracy mi\u0119dzynarodowej oraz kompetencji projektowych uczestnik\u00f3w. W wyje\u017adzie wzi\u0119\u0142a udzia\u0142 grupa uczni\u00f3w wraz z opiekunami p. Ann\u0105 Wygnaniec i p. Joanna G\u00f3rsk\u0105.<br>Podczas pobytu uczestnicy brali udzia\u0142 w warsztatach projektowych, kt\u00f3rych tematyka koncentrowa\u0142a si\u0119 wok\u00f3\u0142 zagadnie\u0144 zwi\u0105zanych z ochron\u0105 \u015brodowiska, zr\u00f3wnowa\u017conym rozwojem oraz odpowiedzialnym korzystaniem z zasob\u00f3w naturalnych. Praca odbywa\u0142a si\u0119 w mi\u0119dzynarodowych zespo\u0142ach, co sprzyja\u0142o wymianie do\u015bwiadcze\u0144, rozwijaniu umiej\u0119tno\u015bci komunikacyjnych w j\u0119zyku angielskim oraz budowaniu relacji mi\u0119dzykulturowych.<br>Opr\u00f3cz zaj\u0119\u0107 edukacyjnych uczestnicy mieli okazj\u0119 pozna\u0107 bogactwo kulturowe i historyczne regionu. W programie znalaz\u0142o si\u0119 zwiedzanie Pompej\u00f3w \u2013 staro\u017cytnego miasta zniszczonego przez erupcj\u0119 Wezuwiusza, kt\u00f3re stanowi niezwyk\u0142e \u015bwiadectwo historii i \u017cycia mieszka\u0144c\u00f3w sprzed tysi\u0119cy lat. Kolejnym punktem by\u0142a wizyta w Salerno, gdzie uczestnicy mogli podziwia\u0107 urokliwe uliczki oraz nadmorsk\u0105 sceneri\u0119.<br>Wyjazd obejmowa\u0142 r\u00f3wnie\u017c zwiedzanie Neapolu \u2013 miasta o wyj\u0105tkowej atmosferze, znanego z bogatej historii, kultury i tradycji. Uczestnicy mieli okazj\u0119 zobaczy\u0107 najwa\u017cniejsze zabytki oraz pozna\u0107 lokalne zwyczaje.<br>Jednym z najbardziej atrakcyjnych element\u00f3w programu by\u0142a podr\u00f3\u017c promem do Amalfi. Rejs pozwoli\u0142 uczestnikom podziwia\u0107 malownicze widoki wybrze\u017ca Amalfi, a samo miasto zachwyci\u0142o swoj\u0105 architektur\u0105 i niepowtarzalnym klimatem.<br>By\u0142a to ju\u017c ostatnia mobilno\u015b\u0107 w ramach projektu \u201eGreen Trace\u201d. Uczniowie nie tylko zdobywali wiedz\u0119 i rozwijali umiej\u0119tno\u015bci, ale tak\u017ce nawi\u0105zali liczne nowe znajomo\u015bci i przyja\u017anie z r\u00f3wie\u015bnikami z innych kraj\u00f3w. Wyjazd przyczyni\u0142 si\u0119 do zwi\u0119kszenia \u015bwiadomo\u015bci ekologicznej oraz motywacji do podejmowania dzia\u0142a\u0144 na rzecz ochrony \u015brodowiska w codziennym \u017cyciu.<\/p>\n\n\n\nngg_shortcode_0_placeholder\n","protected":false},"excerpt":{"rendered":"<p>W dniach 19-24.04.2026 odby\u0142a si\u0119 mobilno\u015b\u0107 do W\u0142och w ramach programu Erasmus+ \u201eGreen Trace\u201d, kt\u00f3rej g\u0142\u00f3wnym celem by\u0142o rozwijanie \u015bwiadomo\u015bci ekologicznej, wsp\u00f3\u0142pracy mi\u0119dzynarodowej oraz kompetencji projektowych uczestnik\u00f3w. W wyje\u017adzie wzi\u0119\u0142a udzia\u0142 grupa uczni\u00f3w wraz z opiekunami p. Ann\u0105 Wygnaniec i p. Joanna G\u00f3rsk\u0105.Podczas pobytu uczestnicy brali udzia\u0142 w warsztatach projektowych, kt\u00f3rych tematyka koncentrowa\u0142a si\u0119 wok\u00f3\u0142 [&hellip;]<\/p>\n","protected":false},"author":1,"featured_media":15474,"comment_status":"closed","ping_status":"closed","sticky":false,"template":"","format":"standard","meta":{"ngg_post_thumbnail":0},"categories":[1],"tags":[],"yoast_head":"<!-- This site is optimized with the Yoast SEO plugin v16.9 - https:\/\/yoast.com\/wordpress\/plugins\/seo\/ -->\n<title>Mobilno\u015b\u0107 do W\u0142och w ramach programu Erasmus + \u201e Green Trace\u201d. - Zesp\u00f3\u0142 Szk\u00f3\u0142 w Zarzeczu<\/title>\n<meta name=\"robots\" content=\"index, follow, max-snippet:-1, max-image-preview:large, max-video-preview:-1\" \/>\n<link rel=\"canonical\" href=\"https:\/\/www.zszarzecze.pl\/?p=15409\" \/>\n<meta property=\"og:locale\" content=\"pl_PL\" \/>\n<meta property=\"og:type\" content=\"article\" \/>\n<meta property=\"og:title\" content=\"Mobilno\u015b\u0107 do W\u0142och w ramach programu Erasmus + \u201e Green Trace\u201d. - Zesp\u00f3\u0142 Szk\u00f3\u0142 w Zarzeczu\" \/>\n<meta property=\"og:description\" content=\"W dniach 19-24.04.2026 odby\u0142a si\u0119 mobilno\u015b\u0107 do W\u0142och w ramach programu Erasmus+ \u201eGreen Trace\u201d, kt\u00f3rej g\u0142\u00f3wnym celem by\u0142o rozwijanie \u015bwiadomo\u015bci ekologicznej, wsp\u00f3\u0142pracy mi\u0119dzynarodowej oraz kompetencji projektowych uczestnik\u00f3w. W wyje\u017adzie wzi\u0119\u0142a udzia\u0142 grupa uczni\u00f3w wraz z opiekunami p. Ann\u0105 Wygnaniec i p. Joanna G\u00f3rsk\u0105.Podczas pobytu uczestnicy brali udzia\u0142 w warsztatach projektowych, kt\u00f3rych tematyka koncentrowa\u0142a si\u0119 wok\u00f3\u0142 [&hellip;]\" \/>\n<meta property=\"og:url\" content=\"https:\/\/www.zszarzecze.pl\/?p=15409\" \/>\n<meta property=\"og:site_name\" content=\"Zesp\u00f3\u0142 Szk\u00f3\u0142 w Zarzeczu\" \/>\n<meta property=\"article:published_time\" content=\"2026-04-27T15:39:40+00:00\" \/>\n<meta property=\"article:modified_time\" content=\"2026-04-27T15:39:41+00:00\" \/>\n<meta property=\"og:image\" content=\"https:\/\/www.zszarzecze.pl\/wp-content\/uploads\/2026\/04\/WhatsApp-Image-2026-04-27-at-09.20.53-3.jpeg\" \/>\n\t<meta property=\"og:image:width\" content=\"1600\" \/>\n\t<meta property=\"og:image:height\" content=\"1200\" \/>\n<meta name=\"twitter:card\" content=\"summary_large_image\" \/>\n<meta name=\"twitter:label1\" content=\"Napisane przez\" \/>\n\t<meta name=\"twitter:data1\" content=\"admin\" \/>\n\t<meta name=\"twitter:label2\" content=\"Szacowany czas czytania\" \/>\n\t<meta name=\"twitter:data2\" content=\"2 minuty\" \/>\n<script type=\"application\/ld+json\" class=\"yoast-schema-graph\">{\"@context\":\"https:\/\/schema.org\",\"@graph\":[{\"@type\":\"WebSite\",\"@id\":\"https:\/\/www.zszarzecze.pl\/#website\",\"url\":\"https:\/\/www.zszarzecze.pl\/\",\"name\":\"Zesp\\u00f3\\u0142 Szk\\u00f3\\u0142 w Zarzeczu\",\"description\":\"\",\"potentialAction\":[{\"@type\":\"SearchAction\",\"target\":{\"@type\":\"EntryPoint\",\"urlTemplate\":\"https:\/\/www.zszarzecze.pl\/?s={search_term_string}\"},\"query-input\":\"required name=search_term_string\"}],\"inLanguage\":\"pl-PL\"},{\"@type\":\"ImageObject\",\"@id\":\"https:\/\/www.zszarzecze.pl\/?p=15409#primaryimage\",\"inLanguage\":\"pl-PL\",\"url\":\"https:\/\/www.zszarzecze.pl\/wp-content\/uploads\/2026\/04\/WhatsApp-Image-2026-04-27-at-09.20.53-3.jpeg\",\"contentUrl\":\"https:\/\/www.zszarzecze.pl\/wp-content\/uploads\/2026\/04\/WhatsApp-Image-2026-04-27-at-09.20.53-3.jpeg\",\"width\":1600,\"height\":1200},{\"@type\":\"WebPage\",\"@id\":\"https:\/\/www.zszarzecze.pl\/?p=15409#webpage\",\"url\":\"https:\/\/www.zszarzecze.pl\/?p=15409\",\"name\":\"Mobilno\\u015b\\u0107 do W\\u0142och w ramach programu Erasmus + \\u201e Green Trace\\u201d. - Zesp\\u00f3\\u0142 Szk\\u00f3\\u0142 w Zarzeczu\",\"isPartOf\":{\"@id\":\"https:\/\/www.zszarzecze.pl\/#website\"},\"primaryImageOfPage\":{\"@id\":\"https:\/\/www.zszarzecze.pl\/?p=15409#primaryimage\"},\"datePublished\":\"2026-04-27T15:39:40+00:00\",\"dateModified\":\"2026-04-27T15:39:41+00:00\",\"author\":{\"@id\":\"https:\/\/www.zszarzecze.pl\/#\/schema\/person\/8e8f7f8c0befe974ec9d3ad220258fa8\"},\"breadcrumb\":{\"@id\":\"https:\/\/www.zszarzecze.pl\/?p=15409#breadcrumb\"},\"inLanguage\":\"pl-PL\",\"potentialAction\":[{\"@type\":\"ReadAction\",\"target\":[\"https:\/\/www.zszarzecze.pl\/?p=15409\"]}]},{\"@type\":\"BreadcrumbList\",\"@id\":\"https:\/\/www.zszarzecze.pl\/?p=15409#breadcrumb\",\"itemListElement\":[{\"@type\":\"ListItem\",\"position\":1,\"name\":\"Home\",\"item\":\"https:\/\/www.zszarzecze.pl\/\"},{\"@type\":\"ListItem\",\"position\":2,\"name\":\"Mobilno\\u015b\\u0107 do W\\u0142och w ramach programu Erasmus + \\u201e Green Trace\\u201d.\"}]},{\"@type\":\"Person\",\"@id\":\"https:\/\/www.zszarzecze.pl\/#\/schema\/person\/8e8f7f8c0befe974ec9d3ad220258fa8\",\"name\":\"admin\",\"image\":{\"@type\":\"ImageObject\",\"@id\":\"https:\/\/www.zszarzecze.pl\/#personlogo\",\"inLanguage\":\"pl-PL\",\"url\":\"https:\/\/secure.gravatar.com\/avatar\/8a3676dc20488b2b0b9c4f534d72a1d0?s=96&d=mm&r=g\",\"contentUrl\":\"https:\/\/secure.gravatar.com\/avatar\/8a3676dc20488b2b0b9c4f534d72a1d0?s=96&d=mm&r=g\",\"caption\":\"admin\"},\"url\":\"https:\/\/www.zszarzecze.pl\/?author=1\"}]}<\/script>\n<!-- \/ Yoast SEO plugin. -->","yoast_head_json":{"title":"Mobilno\u015b\u0107 do W\u0142och w ramach programu Erasmus + \u201e Green Trace\u201d. - Zesp\u00f3\u0142 Szk\u00f3\u0142 w Zarzeczu","robots":{"index":"index","follow":"follow","max-snippet":"max-snippet:-1","max-image-preview":"max-image-preview:large","max-video-preview":"max-video-preview:-1"},"canonical":"https:\/\/www.zszarzecze.pl\/?p=15409","og_locale":"pl_PL","og_type":"article","og_title":"Mobilno\u015b\u0107 do W\u0142och w ramach programu Erasmus + \u201e Green Trace\u201d. - Zesp\u00f3\u0142 Szk\u00f3\u0142 w Zarzeczu","og_description":"W dniach 19-24.04.2026 odby\u0142a si\u0119 mobilno\u015b\u0107 do W\u0142och w ramach programu Erasmus+ \u201eGreen Trace\u201d, kt\u00f3rej g\u0142\u00f3wnym celem by\u0142o rozwijanie \u015bwiadomo\u015bci ekologicznej, wsp\u00f3\u0142pracy mi\u0119dzynarodowej oraz kompetencji projektowych uczestnik\u00f3w. W wyje\u017adzie wzi\u0119\u0142a udzia\u0142 grupa uczni\u00f3w wraz z opiekunami p. Ann\u0105 Wygnaniec i p. Joanna G\u00f3rsk\u0105.Podczas pobytu uczestnicy brali udzia\u0142 w warsztatach projektowych, kt\u00f3rych tematyka koncentrowa\u0142a si\u0119 wok\u00f3\u0142 [&hellip;]","og_url":"https:\/\/www.zszarzecze.pl\/?p=15409","og_site_name":"Zesp\u00f3\u0142 Szk\u00f3\u0142 w Zarzeczu","article_published_time":"2026-04-27T15:39:40+00:00","article_modified_time":"2026-04-27T15:39:41+00:00","og_image":[{"width":1600,"height":1200,"url":"https:\/\/www.zszarzecze.pl\/wp-content\/uploads\/2026\/04\/WhatsApp-Image-2026-04-27-at-09.20.53-3.jpeg","path":"\/autoinstalator\/wordpressplugins\/wp-content\/uploads\/2026\/04\/WhatsApp-Image-2026-04-27-at-09.20.53-3.jpeg","size":"full","id":15474,"alt":"","pixels":1920000,"type":"image\/jpeg"}],"twitter_card":"summary_large_image","twitter_misc":{"Napisane przez":"admin","Szacowany czas czytania":"2 minuty"},"schema":{"@context":"https:\/\/schema.org","@graph":[{"@type":"WebSite","@id":"https:\/\/www.zszarzecze.pl\/#website","url":"https:\/\/www.zszarzecze.pl\/","name":"Zesp\u00f3\u0142 Szk\u00f3\u0142 w Zarzeczu","description":"","potentialAction":[{"@type":"SearchAction","target":{"@type":"EntryPoint","urlTemplate":"https:\/\/www.zszarzecze.pl\/?s={search_term_string}"},"query-input":"required name=search_term_string"}],"inLanguage":"pl-PL"},{"@type":"ImageObject","@id":"https:\/\/www.zszarzecze.pl\/?p=15409#primaryimage","inLanguage":"pl-PL","url":"https:\/\/www.zszarzecze.pl\/wp-content\/uploads\/2026\/04\/WhatsApp-Image-2026-04-27-at-09.20.53-3.jpeg","contentUrl":"https:\/\/www.zszarzecze.pl\/wp-content\/uploads\/2026\/04\/WhatsApp-Image-2026-04-27-at-09.20.53-3.jpeg","width":1600,"height":1200},{"@type":"WebPage","@id":"https:\/\/www.zszarzecze.pl\/?p=15409#webpage","url":"https:\/\/www.zszarzecze.pl\/?p=15409","name":"Mobilno\u015b\u0107 do W\u0142och w ramach programu Erasmus + \u201e Green Trace\u201d. - Zesp\u00f3\u0142 Szk\u00f3\u0142 w Zarzeczu","isPartOf":{"@id":"https:\/\/www.zszarzecze.pl\/#website"},"primaryImageOfPage":{"@id":"https:\/\/www.zszarzecze.pl\/?p=15409#primaryimage"},"datePublished":"2026-04-27T15:39:40+00:00","dateModified":"2026-04-27T15:39:41+00:00","author":{"@id":"https:\/\/www.zszarzecze.pl\/#\/schema\/person\/8e8f7f8c0befe974ec9d3ad220258fa8"},"breadcrumb":{"@id":"https:\/\/www.zszarzecze.pl\/?p=15409#breadcrumb"},"inLanguage":"pl-PL","potentialAction":[{"@type":"ReadAction","target":["https:\/\/www.zszarzecze.pl\/?p=15409"]}]},{"@type":"BreadcrumbList","@id":"https:\/\/www.zszarzecze.pl\/?p=15409#breadcrumb","itemListElement":[{"@type":"ListItem","position":1,"name":"Home","item":"https:\/\/www.zszarzecze.pl\/"},{"@type":"ListItem","position":2,"name":"Mobilno\u015b\u0107 do W\u0142och w ramach programu Erasmus + \u201e Green Trace\u201d."}]},{"@type":"Person","@id":"https:\/\/www.zszarzecze.pl\/#\/schema\/person\/8e8f7f8c0befe974ec9d3ad220258fa8","name":"admin","image":{"@type":"ImageObject","@id":"https:\/\/www.zszarzecze.pl\/#personlogo","inLanguage":"pl-PL","url":"https:\/\/secure.gravatar.com\/avatar\/8a3676dc20488b2b0b9c4f534d72a1d0?s=96&d=mm&r=g","contentUrl":"https:\/\/secure.gravatar.com\/avatar\/8a3676dc20488b2b0b9c4f534d72a1d0?s=96&d=mm&r=g","caption":"admin"},"url":"https:\/\/www.zszarzecze.pl\/?author=1"}]}},"_links":{"self":[{"href":"https:\/\/www.zszarzecze.pl\/index.php?rest_route=\/wp\/v2\/posts\/15409"}],"collection":[{"href":"https:\/\/www.zszarzecze.pl\/index.php?rest_route=\/wp\/v2\/posts"}],"about":[{"href":"https:\/\/www.zszarzecze.pl\/index.php?rest_route=\/wp\/v2\/types\/post"}],"author":[{"embeddable":true,"href":"https:\/\/www.zszarzecze.pl\/index.php?rest_route=\/wp\/v2\/users\/1"}],"replies":[{"embeddable":true,"href":"https:\/\/www.zszarzecze.pl\/index.php?rest_route=%2Fwp%2Fv2%2Fcomments&post=15409"}],"version-history":[{"count":1,"href":"https:\/\/www.zszarzecze.pl\/index.php?rest_route=\/wp\/v2\/posts\/15409\/revisions"}],"predecessor-version":[{"id":15475,"href":"https:\/\/www.zszarzecze.pl\/index.php?rest_route=\/wp\/v2\/posts\/15409\/revisions\/15475"}],"wp:featuredmedia":[{"embeddable":true,"href":"https:\/\/www.zszarzecze.pl\/index.php?rest_route=\/wp\/v2\/media\/15474"}],"wp:attachment":[{"href":"https:\/\/www.zszarzecze.pl\/index.php?rest_route=%2Fwp%2Fv2%2Fmedia&parent=15409"}],"wp:term":[{"taxonomy":"category","embeddable":true,"href":"https:\/\/www.zszarzecze.pl\/index.php?rest_route=%2Fwp%2Fv2%2Fcategories&post=15409"},{"taxonomy":"post_tag","embeddable":true,"href":"https:\/\/www.zszarzecze.pl\/index.php?rest_route=%2Fwp%2Fv2%2Ftags&post=15409"}],"curies":[{"name":"wp","href":"https:\/\/api.w.org\/{rel}","templated":true}]}}