{"id":15351,"date":"2026-04-23T21:03:54","date_gmt":"2026-04-23T19:03:54","guid":{"rendered":"https:\/\/www.zszarzecze.pl\/?p=15351"},"modified":"2026-04-24T14:03:18","modified_gmt":"2026-04-24T12:03:18","slug":"konkurs-pozarniczy","status":"publish","type":"post","link":"https:\/\/www.zszarzecze.pl\/?p=15351","title":{"rendered":"Konkurs po\u017carniczy"},"content":{"rendered":"\n<p class=\"has-text-align-left\">W dniu 10.04.2026r. w Centrum Kultury w Zarzeczu odby\u0142y si\u0119 eliminacje gminne Og\u00f3lnopolskiego Konkursu Wiedzy Po\u017carniczej M\u0142odzie\u017c zapobiega po\u017carom. Turniej przebiega\u0142 w trzech grupach wiekowych tj. kl. I-IV, oraz V-VIII \u2013 uczniowie szk\u00f3\u0142 podstawowych, oraz szko\u0142y ponadpodstawowe. Tegoroczna edycja zgromadzi\u0142a na sali zawodnik\u00f3w ze szk\u00f3\u0142 w Siennowie, Ma\u0107k\u00f3wce, \u017burawiczkach oraz Zarzecza. Zmaganiom konkursowym przewodniczyli cz\u0142onkowie Zarz\u0105du Oddzia\u0142u Gminnego ZOSP w Zarzeczu w sk\u0142adzie: Komendant Gminny dh Damian Hejnosz, sekretarz Zarz\u0105du Gminnego dh Jan Telega, dh Jan Michalik, wraz z przedstawicielami PSP w Przeworsku. Po dokonaniu oceny prac pisemnych, jury wy\u0142oni\u0142o po trzech zwyci\u0119zc\u00f3w w ka\u017cdej grupie wiekowej. W\u015br\u00f3d nich znale\u017ali si\u0119&nbsp;tak\u017ce uczniowie z naszej szko\u0142y. W pierwszej grupie wiekowej byli to uczniowie kl. IIIb \u2013 Tymon W\u0119grzyn miejsce I, Miko\u0142aj Kulikowski miejsce III. W grupie drugiej miejsce II zaj\u0119\u0142a uczennica kl. Vb Nadia Telega. Uczniowie ci zakwalifikowali si\u0119 do etapu powiatowego jako reprezentanci naszej gminy.&nbsp;Etap ten odby\u0142 si\u0119 w dniu 22.04.2026r. w Zespole szk\u00f3\u0142 im. Wincentego Witosa w Zarzeczu.<br>Na tym szczeblu udzia\u0142 wzi\u0119li uczniowie reprezentuj\u0105cy gmin\u0119 Ga\u0107, Ka\u0144czuga, Przeworsk, Sieniawa, Jawornik Polski i Zarzecze w podobnych grupach wiekowych. Uczestnik\u00f3w turnieju ocenia\u0142a komisja wystawiona przez Komendanta Powiatowego Pa\u0144stwowej Stra\u017cy Po\u017carnej w Przeworsku pod kierownictwem st. bryg. Tomasza Dzienia.<br>W pierwszej kategorii wiekowej&nbsp; miejsce IV po dogrywce ustnej, zaj\u0105\u0142 ucze\u0144 kl. IIIb naszej szko\u0142y Tymon W\u0119grzyn, r\u00f3\u017cnic\u0105 jednego punktu, by stan\u0105\u0107 na podium. Wszyscy zawodnicy otrzymali dyplomy oraz stosowne nagrody rzeczowe.<br>Organizatorami Eliminacji Powiatowych byli:&nbsp;<a href=\"https:\/\/www.facebook.com\/hashtag\/gminazarzecze?__cft__%5b0%5d=AZZY_eZcAaiVInidsfhwOkbjddR3OflobP5XveJ3_1bcKet8fdeZwbxhjlt3XyF8hvXWQjrb9sMZZuRHx0uq_cmSPs8c1xOtujHjBb5Z10y6-UgAaVZFXeGcPPJP7dkoCFLyjA9PlhoYBF9p_vYcJ__mMrmqmbK_uMz7eTHraDoP1Oe6Yn3Px_aE8deMnTC0NDs&amp;__tn__=*NK-R\" target=\"_blank\" rel=\"noreferrer noopener\">Gmina Zarzecze<\/a>,&nbsp;<a href=\"https:\/\/www.facebook.com\/hashtag\/powiatprzeworski?__cft__%5b0%5d=AZZY_eZcAaiVInidsfhwOkbjddR3OflobP5XveJ3_1bcKet8fdeZwbxhjlt3XyF8hvXWQjrb9sMZZuRHx0uq_cmSPs8c1xOtujHjBb5Z10y6-UgAaVZFXeGcPPJP7dkoCFLyjA9PlhoYBF9p_vYcJ__mMrmqmbK_uMz7eTHraDoP1Oe6Yn3Px_aE8deMnTC0NDs&amp;__tn__=*NK-R\" target=\"_blank\" rel=\"noreferrer noopener\">Powiat Przeworski<\/a>,&nbsp;<a href=\"https:\/\/www.facebook.com\/hashtag\/zarz%C4%85doddzia%C5%82upowiatowegozosprp?__cft__%5b0%5d=AZZY_eZcAaiVInidsfhwOkbjddR3OflobP5XveJ3_1bcKet8fdeZwbxhjlt3XyF8hvXWQjrb9sMZZuRHx0uq_cmSPs8c1xOtujHjBb5Z10y6-UgAaVZFXeGcPPJP7dkoCFLyjA9PlhoYBF9p_vYcJ__mMrmqmbK_uMz7eTHraDoP1Oe6Yn3Px_aE8deMnTC0NDs&amp;__tn__=*NK-R\" target=\"_blank\" rel=\"noreferrer noopener\">Zarz\u0105d Oddzia\u0142u Powiatowego ZOSPRP<\/a>&nbsp;oraz&nbsp;Zesp\u00f3\u0142 Szk\u00f3\u0142 im. Wincentego Witosa w Zarzeczu.<\/p>\n\n\n\nngg_shortcode_0_placeholder\n","protected":false},"excerpt":{"rendered":"<p>W dniu 10.04.2026r. w Centrum Kultury w Zarzeczu odby\u0142y si\u0119 eliminacje gminne Og\u00f3lnopolskiego Konkursu Wiedzy Po\u017carniczej M\u0142odzie\u017c zapobiega po\u017carom. Turniej przebiega\u0142 w trzech grupach wiekowych tj. kl. I-IV, oraz V-VIII \u2013 uczniowie szk\u00f3\u0142 podstawowych, oraz szko\u0142y ponadpodstawowe. Tegoroczna edycja zgromadzi\u0142a na sali zawodnik\u00f3w ze szk\u00f3\u0142 w Siennowie, Ma\u0107k\u00f3wce, \u017burawiczkach oraz Zarzecza. Zmaganiom konkursowym przewodniczyli cz\u0142onkowie [&hellip;]<\/p>\n","protected":false},"author":1,"featured_media":15360,"comment_status":"closed","ping_status":"closed","sticky":false,"template":"","format":"standard","meta":{"ngg_post_thumbnail":0},"categories":[1],"tags":[],"yoast_head":"<!-- This site is optimized with the Yoast SEO plugin v16.9 - https:\/\/yoast.com\/wordpress\/plugins\/seo\/ -->\n<title>Konkurs po\u017carniczy - Zesp\u00f3\u0142 Szk\u00f3\u0142 w Zarzeczu<\/title>\n<meta name=\"robots\" content=\"index, follow, max-snippet:-1, max-image-preview:large, max-video-preview:-1\" \/>\n<link rel=\"canonical\" href=\"https:\/\/www.zszarzecze.pl\/?p=15351\" \/>\n<meta property=\"og:locale\" content=\"pl_PL\" \/>\n<meta property=\"og:type\" content=\"article\" \/>\n<meta property=\"og:title\" content=\"Konkurs po\u017carniczy - Zesp\u00f3\u0142 Szk\u00f3\u0142 w Zarzeczu\" \/>\n<meta property=\"og:description\" content=\"W dniu 10.04.2026r. w Centrum Kultury w Zarzeczu odby\u0142y si\u0119 eliminacje gminne Og\u00f3lnopolskiego Konkursu Wiedzy Po\u017carniczej M\u0142odzie\u017c zapobiega po\u017carom. Turniej przebiega\u0142 w trzech grupach wiekowych tj. kl. I-IV, oraz V-VIII \u2013 uczniowie szk\u00f3\u0142 podstawowych, oraz szko\u0142y ponadpodstawowe. Tegoroczna edycja zgromadzi\u0142a na sali zawodnik\u00f3w ze szk\u00f3\u0142 w Siennowie, Ma\u0107k\u00f3wce, \u017burawiczkach oraz Zarzecza. Zmaganiom konkursowym przewodniczyli cz\u0142onkowie [&hellip;]\" \/>\n<meta property=\"og:url\" content=\"https:\/\/www.zszarzecze.pl\/?p=15351\" \/>\n<meta property=\"og:site_name\" content=\"Zesp\u00f3\u0142 Szk\u00f3\u0142 w Zarzeczu\" \/>\n<meta property=\"article:published_time\" content=\"2026-04-23T19:03:54+00:00\" \/>\n<meta property=\"article:modified_time\" content=\"2026-04-24T12:03:18+00:00\" \/>\n<meta property=\"og:image\" content=\"https:\/\/www.zszarzecze.pl\/wp-content\/uploads\/2026\/04\/p007.jpg\" \/>\n\t<meta property=\"og:image:width\" content=\"2048\" \/>\n\t<meta property=\"og:image:height\" content=\"1536\" \/>\n<meta name=\"twitter:card\" content=\"summary_large_image\" \/>\n<meta name=\"twitter:label1\" content=\"Napisane przez\" \/>\n\t<meta name=\"twitter:data1\" content=\"admin\" \/>\n\t<meta name=\"twitter:label2\" content=\"Szacowany czas czytania\" \/>\n\t<meta name=\"twitter:data2\" content=\"2 minuty\" \/>\n<script type=\"application\/ld+json\" class=\"yoast-schema-graph\">{\"@context\":\"https:\/\/schema.org\",\"@graph\":[{\"@type\":\"WebSite\",\"@id\":\"https:\/\/www.zszarzecze.pl\/#website\",\"url\":\"https:\/\/www.zszarzecze.pl\/\",\"name\":\"Zesp\\u00f3\\u0142 Szk\\u00f3\\u0142 w Zarzeczu\",\"description\":\"\",\"potentialAction\":[{\"@type\":\"SearchAction\",\"target\":{\"@type\":\"EntryPoint\",\"urlTemplate\":\"https:\/\/www.zszarzecze.pl\/?s={search_term_string}\"},\"query-input\":\"required name=search_term_string\"}],\"inLanguage\":\"pl-PL\"},{\"@type\":\"ImageObject\",\"@id\":\"https:\/\/www.zszarzecze.pl\/?p=15351#primaryimage\",\"inLanguage\":\"pl-PL\",\"url\":\"https:\/\/www.zszarzecze.pl\/wp-content\/uploads\/2026\/04\/p007.jpg\",\"contentUrl\":\"https:\/\/www.zszarzecze.pl\/wp-content\/uploads\/2026\/04\/p007.jpg\",\"width\":2048,\"height\":1536},{\"@type\":\"WebPage\",\"@id\":\"https:\/\/www.zszarzecze.pl\/?p=15351#webpage\",\"url\":\"https:\/\/www.zszarzecze.pl\/?p=15351\",\"name\":\"Konkurs po\\u017carniczy - Zesp\\u00f3\\u0142 Szk\\u00f3\\u0142 w Zarzeczu\",\"isPartOf\":{\"@id\":\"https:\/\/www.zszarzecze.pl\/#website\"},\"primaryImageOfPage\":{\"@id\":\"https:\/\/www.zszarzecze.pl\/?p=15351#primaryimage\"},\"datePublished\":\"2026-04-23T19:03:54+00:00\",\"dateModified\":\"2026-04-24T12:03:18+00:00\",\"author\":{\"@id\":\"https:\/\/www.zszarzecze.pl\/#\/schema\/person\/8e8f7f8c0befe974ec9d3ad220258fa8\"},\"breadcrumb\":{\"@id\":\"https:\/\/www.zszarzecze.pl\/?p=15351#breadcrumb\"},\"inLanguage\":\"pl-PL\",\"potentialAction\":[{\"@type\":\"ReadAction\",\"target\":[\"https:\/\/www.zszarzecze.pl\/?p=15351\"]}]},{\"@type\":\"BreadcrumbList\",\"@id\":\"https:\/\/www.zszarzecze.pl\/?p=15351#breadcrumb\",\"itemListElement\":[{\"@type\":\"ListItem\",\"position\":1,\"name\":\"Home\",\"item\":\"https:\/\/www.zszarzecze.pl\/\"},{\"@type\":\"ListItem\",\"position\":2,\"name\":\"Konkurs po\\u017carniczy\"}]},{\"@type\":\"Person\",\"@id\":\"https:\/\/www.zszarzecze.pl\/#\/schema\/person\/8e8f7f8c0befe974ec9d3ad220258fa8\",\"name\":\"admin\",\"image\":{\"@type\":\"ImageObject\",\"@id\":\"https:\/\/www.zszarzecze.pl\/#personlogo\",\"inLanguage\":\"pl-PL\",\"url\":\"https:\/\/secure.gravatar.com\/avatar\/8a3676dc20488b2b0b9c4f534d72a1d0?s=96&d=mm&r=g\",\"contentUrl\":\"https:\/\/secure.gravatar.com\/avatar\/8a3676dc20488b2b0b9c4f534d72a1d0?s=96&d=mm&r=g\",\"caption\":\"admin\"},\"url\":\"https:\/\/www.zszarzecze.pl\/?author=1\"}]}<\/script>\n<!-- \/ Yoast SEO plugin. -->","yoast_head_json":{"title":"Konkurs po\u017carniczy - Zesp\u00f3\u0142 Szk\u00f3\u0142 w Zarzeczu","robots":{"index":"index","follow":"follow","max-snippet":"max-snippet:-1","max-image-preview":"max-image-preview:large","max-video-preview":"max-video-preview:-1"},"canonical":"https:\/\/www.zszarzecze.pl\/?p=15351","og_locale":"pl_PL","og_type":"article","og_title":"Konkurs po\u017carniczy - Zesp\u00f3\u0142 Szk\u00f3\u0142 w Zarzeczu","og_description":"W dniu 10.04.2026r. w Centrum Kultury w Zarzeczu odby\u0142y si\u0119 eliminacje gminne Og\u00f3lnopolskiego Konkursu Wiedzy Po\u017carniczej M\u0142odzie\u017c zapobiega po\u017carom. Turniej przebiega\u0142 w trzech grupach wiekowych tj. kl. I-IV, oraz V-VIII \u2013 uczniowie szk\u00f3\u0142 podstawowych, oraz szko\u0142y ponadpodstawowe. Tegoroczna edycja zgromadzi\u0142a na sali zawodnik\u00f3w ze szk\u00f3\u0142 w Siennowie, Ma\u0107k\u00f3wce, \u017burawiczkach oraz Zarzecza. Zmaganiom konkursowym przewodniczyli cz\u0142onkowie [&hellip;]","og_url":"https:\/\/www.zszarzecze.pl\/?p=15351","og_site_name":"Zesp\u00f3\u0142 Szk\u00f3\u0142 w Zarzeczu","article_published_time":"2026-04-23T19:03:54+00:00","article_modified_time":"2026-04-24T12:03:18+00:00","og_image":[{"width":2048,"height":1536,"url":"https:\/\/www.zszarzecze.pl\/wp-content\/uploads\/2026\/04\/p007.jpg","path":"\/autoinstalator\/wordpressplugins\/wp-content\/uploads\/2026\/04\/p007.jpg","size":"full","id":15360,"alt":"","pixels":3145728,"type":"image\/jpeg"}],"twitter_card":"summary_large_image","twitter_misc":{"Napisane przez":"admin","Szacowany czas czytania":"2 minuty"},"schema":{"@context":"https:\/\/schema.org","@graph":[{"@type":"WebSite","@id":"https:\/\/www.zszarzecze.pl\/#website","url":"https:\/\/www.zszarzecze.pl\/","name":"Zesp\u00f3\u0142 Szk\u00f3\u0142 w Zarzeczu","description":"","potentialAction":[{"@type":"SearchAction","target":{"@type":"EntryPoint","urlTemplate":"https:\/\/www.zszarzecze.pl\/?s={search_term_string}"},"query-input":"required name=search_term_string"}],"inLanguage":"pl-PL"},{"@type":"ImageObject","@id":"https:\/\/www.zszarzecze.pl\/?p=15351#primaryimage","inLanguage":"pl-PL","url":"https:\/\/www.zszarzecze.pl\/wp-content\/uploads\/2026\/04\/p007.jpg","contentUrl":"https:\/\/www.zszarzecze.pl\/wp-content\/uploads\/2026\/04\/p007.jpg","width":2048,"height":1536},{"@type":"WebPage","@id":"https:\/\/www.zszarzecze.pl\/?p=15351#webpage","url":"https:\/\/www.zszarzecze.pl\/?p=15351","name":"Konkurs po\u017carniczy - Zesp\u00f3\u0142 Szk\u00f3\u0142 w Zarzeczu","isPartOf":{"@id":"https:\/\/www.zszarzecze.pl\/#website"},"primaryImageOfPage":{"@id":"https:\/\/www.zszarzecze.pl\/?p=15351#primaryimage"},"datePublished":"2026-04-23T19:03:54+00:00","dateModified":"2026-04-24T12:03:18+00:00","author":{"@id":"https:\/\/www.zszarzecze.pl\/#\/schema\/person\/8e8f7f8c0befe974ec9d3ad220258fa8"},"breadcrumb":{"@id":"https:\/\/www.zszarzecze.pl\/?p=15351#breadcrumb"},"inLanguage":"pl-PL","potentialAction":[{"@type":"ReadAction","target":["https:\/\/www.zszarzecze.pl\/?p=15351"]}]},{"@type":"BreadcrumbList","@id":"https:\/\/www.zszarzecze.pl\/?p=15351#breadcrumb","itemListElement":[{"@type":"ListItem","position":1,"name":"Home","item":"https:\/\/www.zszarzecze.pl\/"},{"@type":"ListItem","position":2,"name":"Konkurs po\u017carniczy"}]},{"@type":"Person","@id":"https:\/\/www.zszarzecze.pl\/#\/schema\/person\/8e8f7f8c0befe974ec9d3ad220258fa8","name":"admin","image":{"@type":"ImageObject","@id":"https:\/\/www.zszarzecze.pl\/#personlogo","inLanguage":"pl-PL","url":"https:\/\/secure.gravatar.com\/avatar\/8a3676dc20488b2b0b9c4f534d72a1d0?s=96&d=mm&r=g","contentUrl":"https:\/\/secure.gravatar.com\/avatar\/8a3676dc20488b2b0b9c4f534d72a1d0?s=96&d=mm&r=g","caption":"admin"},"url":"https:\/\/www.zszarzecze.pl\/?author=1"}]}},"_links":{"self":[{"href":"https:\/\/www.zszarzecze.pl\/index.php?rest_route=\/wp\/v2\/posts\/15351"}],"collection":[{"href":"https:\/\/www.zszarzecze.pl\/index.php?rest_route=\/wp\/v2\/posts"}],"about":[{"href":"https:\/\/www.zszarzecze.pl\/index.php?rest_route=\/wp\/v2\/types\/post"}],"author":[{"embeddable":true,"href":"https:\/\/www.zszarzecze.pl\/index.php?rest_route=\/wp\/v2\/users\/1"}],"replies":[{"embeddable":true,"href":"https:\/\/www.zszarzecze.pl\/index.php?rest_route=%2Fwp%2Fv2%2Fcomments&post=15351"}],"version-history":[{"count":2,"href":"https:\/\/www.zszarzecze.pl\/index.php?rest_route=\/wp\/v2\/posts\/15351\/revisions"}],"predecessor-version":[{"id":15373,"href":"https:\/\/www.zszarzecze.pl\/index.php?rest_route=\/wp\/v2\/posts\/15351\/revisions\/15373"}],"wp:featuredmedia":[{"embeddable":true,"href":"https:\/\/www.zszarzecze.pl\/index.php?rest_route=\/wp\/v2\/media\/15360"}],"wp:attachment":[{"href":"https:\/\/www.zszarzecze.pl\/index.php?rest_route=%2Fwp%2Fv2%2Fmedia&parent=15351"}],"wp:term":[{"taxonomy":"category","embeddable":true,"href":"https:\/\/www.zszarzecze.pl\/index.php?rest_route=%2Fwp%2Fv2%2Fcategories&post=15351"},{"taxonomy":"post_tag","embeddable":true,"href":"https:\/\/www.zszarzecze.pl\/index.php?rest_route=%2Fwp%2Fv2%2Ftags&post=15351"}],"curies":[{"name":"wp","href":"https:\/\/api.w.org\/{rel}","templated":true}]}}