{"id":14669,"date":"2026-01-06T18:08:38","date_gmt":"2026-01-06T17:08:38","guid":{"rendered":"https:\/\/www.zszarzecze.pl\/?p=14669"},"modified":"2026-01-08T17:38:26","modified_gmt":"2026-01-08T16:38:26","slug":"orszak-trzech-kroli","status":"publish","type":"post","link":"https:\/\/www.zszarzecze.pl\/?p=14669","title":{"rendered":"Orszak Trzech Kr\u00f3li"},"content":{"rendered":"\n<p>Uroczysto\u015b\u0107 Objawienia Pa\u0144skiego 6 stycznia 2026 r., jest dniem, kt\u00f3ry przypomina nam, \u017ce Jezus narodzi\u0142 si\u0119 dla wszystkich ludzi. Ka\u017cdy z nas mo\u017ce znale\u017a\u0107 do Niego, je\u017celi chce, swoj\u0105 drog\u0119. Dzisiaj w Zarzeczu mieszka\u0144cy, w r\u00f3\u017cnym wieku, ca\u0142e rodziny, wyruszyli w Orszaku za trzema Kr\u00f3lami, z\u0142o\u017cy\u0107 pok\u0142on Dzieci\u0105tku\u2026Orszak wyruszy\u0142 o godzinie 11.00 z trzech stron naszej miejscowo\u015bci: od myjni samochodowej, ze stacji CPN i od pomnika \u015bw. Jana Paw\u0142a II. Wszyscy spotkali si\u0119 przed Szko\u0142\u0105 Podstawow\u0105 im. Jana Paw\u0142a II. Odby\u0142a si\u0119 tam scena \u201eSpotkania z Herodem\u201d. Nast\u0119pnie ca\u0142y orszak wyruszy\u0142 za Trzema Kr\u00f3lami do ko\u015bcio\u0142a parafialnego im. \u015aw. Micha\u0142a Archanio\u0142a. O godzinie 11.30 wszyscy uczestnicy Orszaku i parafianie, uczestniczyli we Mszy \u015bwi\u0119tej sprawowanej przez ks. Proboszcza i ks. Artura. Poprzedzi\u0142o j\u0105 uroczyste wej\u015bcie Trzech Kr\u00f3l\u00f3w razem ze \u201e\u015awi\u0119t\u0105 Rodzin\u0105\u201d i z\u0142o\u017cenie dar\u00f3w Dzieci\u0105tku.<\/p>\n\n\n\n<p>W Orszaku czynnie zaanga\u017cowali si\u0119 nauczyciele naszej szko\u0142y, jak r\u00f3wnie\u017c uczniowie kt\u00f3rzy ubrani byli w kolorach \u201eswoich orszak\u00f3w\u201d, w strojach pasterzy lub anio\u0142\u00f3w.<\/p>\n\n\n\nngg_shortcode_0_placeholder\n","protected":false},"excerpt":{"rendered":"<p>Uroczysto\u015b\u0107 Objawienia Pa\u0144skiego 6 stycznia 2026 r., jest dniem, kt\u00f3ry przypomina nam, \u017ce Jezus narodzi\u0142 si\u0119 dla wszystkich ludzi. Ka\u017cdy z nas mo\u017ce znale\u017a\u0107 do Niego, je\u017celi chce, swoj\u0105 drog\u0119. Dzisiaj w Zarzeczu mieszka\u0144cy, w r\u00f3\u017cnym wieku, ca\u0142e rodziny, wyruszyli w Orszaku za trzema Kr\u00f3lami, z\u0142o\u017cy\u0107 pok\u0142on Dzieci\u0105tku\u2026Orszak wyruszy\u0142 o godzinie 11.00 z trzech stron [&hellip;]<\/p>\n","protected":false},"author":1,"featured_media":14730,"comment_status":"closed","ping_status":"closed","sticky":false,"template":"","format":"standard","meta":{"ngg_post_thumbnail":0},"categories":[1],"tags":[],"yoast_head":"<!-- This site is optimized with the Yoast SEO plugin v16.9 - https:\/\/yoast.com\/wordpress\/plugins\/seo\/ -->\n<title>Orszak Trzech Kr\u00f3li - Zesp\u00f3\u0142 Szk\u00f3\u0142 w Zarzeczu<\/title>\n<meta name=\"robots\" content=\"index, follow, max-snippet:-1, max-image-preview:large, max-video-preview:-1\" \/>\n<link rel=\"canonical\" href=\"https:\/\/www.zszarzecze.pl\/?p=14669\" \/>\n<meta property=\"og:locale\" content=\"pl_PL\" \/>\n<meta property=\"og:type\" content=\"article\" \/>\n<meta property=\"og:title\" content=\"Orszak Trzech Kr\u00f3li - Zesp\u00f3\u0142 Szk\u00f3\u0142 w Zarzeczu\" \/>\n<meta property=\"og:description\" content=\"Uroczysto\u015b\u0107 Objawienia Pa\u0144skiego 6 stycznia 2026 r., jest dniem, kt\u00f3ry przypomina nam, \u017ce Jezus narodzi\u0142 si\u0119 dla wszystkich ludzi. Ka\u017cdy z nas mo\u017ce znale\u017a\u0107 do Niego, je\u017celi chce, swoj\u0105 drog\u0119. Dzisiaj w Zarzeczu mieszka\u0144cy, w r\u00f3\u017cnym wieku, ca\u0142e rodziny, wyruszyli w Orszaku za trzema Kr\u00f3lami, z\u0142o\u017cy\u0107 pok\u0142on Dzieci\u0105tku\u2026Orszak wyruszy\u0142 o godzinie 11.00 z trzech stron [&hellip;]\" \/>\n<meta property=\"og:url\" content=\"https:\/\/www.zszarzecze.pl\/?p=14669\" \/>\n<meta property=\"og:site_name\" content=\"Zesp\u00f3\u0142 Szk\u00f3\u0142 w Zarzeczu\" \/>\n<meta property=\"article:published_time\" content=\"2026-01-06T17:08:38+00:00\" \/>\n<meta property=\"article:modified_time\" content=\"2026-01-08T16:38:26+00:00\" \/>\n<meta property=\"og:image\" content=\"https:\/\/www.zszarzecze.pl\/wp-content\/uploads\/2026\/01\/WhatsApp-Image-2026-01-06-at-14.49.18-9.jpeg\" \/>\n\t<meta property=\"og:image:width\" content=\"1600\" \/>\n\t<meta property=\"og:image:height\" content=\"1200\" \/>\n<meta name=\"twitter:card\" content=\"summary_large_image\" \/>\n<meta name=\"twitter:label1\" content=\"Napisane przez\" \/>\n\t<meta name=\"twitter:data1\" content=\"admin\" \/>\n\t<meta name=\"twitter:label2\" content=\"Szacowany czas czytania\" \/>\n\t<meta name=\"twitter:data2\" content=\"1 minuta\" \/>\n<script type=\"application\/ld+json\" class=\"yoast-schema-graph\">{\"@context\":\"https:\/\/schema.org\",\"@graph\":[{\"@type\":\"WebSite\",\"@id\":\"https:\/\/www.zszarzecze.pl\/#website\",\"url\":\"https:\/\/www.zszarzecze.pl\/\",\"name\":\"Zesp\\u00f3\\u0142 Szk\\u00f3\\u0142 w Zarzeczu\",\"description\":\"\",\"potentialAction\":[{\"@type\":\"SearchAction\",\"target\":{\"@type\":\"EntryPoint\",\"urlTemplate\":\"https:\/\/www.zszarzecze.pl\/?s={search_term_string}\"},\"query-input\":\"required name=search_term_string\"}],\"inLanguage\":\"pl-PL\"},{\"@type\":\"ImageObject\",\"@id\":\"https:\/\/www.zszarzecze.pl\/?p=14669#primaryimage\",\"inLanguage\":\"pl-PL\",\"url\":\"https:\/\/www.zszarzecze.pl\/wp-content\/uploads\/2026\/01\/WhatsApp-Image-2026-01-06-at-14.49.18-9.jpeg\",\"contentUrl\":\"https:\/\/www.zszarzecze.pl\/wp-content\/uploads\/2026\/01\/WhatsApp-Image-2026-01-06-at-14.49.18-9.jpeg\",\"width\":1600,\"height\":1200},{\"@type\":\"WebPage\",\"@id\":\"https:\/\/www.zszarzecze.pl\/?p=14669#webpage\",\"url\":\"https:\/\/www.zszarzecze.pl\/?p=14669\",\"name\":\"Orszak Trzech Kr\\u00f3li - Zesp\\u00f3\\u0142 Szk\\u00f3\\u0142 w Zarzeczu\",\"isPartOf\":{\"@id\":\"https:\/\/www.zszarzecze.pl\/#website\"},\"primaryImageOfPage\":{\"@id\":\"https:\/\/www.zszarzecze.pl\/?p=14669#primaryimage\"},\"datePublished\":\"2026-01-06T17:08:38+00:00\",\"dateModified\":\"2026-01-08T16:38:26+00:00\",\"author\":{\"@id\":\"https:\/\/www.zszarzecze.pl\/#\/schema\/person\/8e8f7f8c0befe974ec9d3ad220258fa8\"},\"breadcrumb\":{\"@id\":\"https:\/\/www.zszarzecze.pl\/?p=14669#breadcrumb\"},\"inLanguage\":\"pl-PL\",\"potentialAction\":[{\"@type\":\"ReadAction\",\"target\":[\"https:\/\/www.zszarzecze.pl\/?p=14669\"]}]},{\"@type\":\"BreadcrumbList\",\"@id\":\"https:\/\/www.zszarzecze.pl\/?p=14669#breadcrumb\",\"itemListElement\":[{\"@type\":\"ListItem\",\"position\":1,\"name\":\"Home\",\"item\":\"https:\/\/www.zszarzecze.pl\/\"},{\"@type\":\"ListItem\",\"position\":2,\"name\":\"Orszak Trzech Kr\\u00f3li\"}]},{\"@type\":\"Person\",\"@id\":\"https:\/\/www.zszarzecze.pl\/#\/schema\/person\/8e8f7f8c0befe974ec9d3ad220258fa8\",\"name\":\"admin\",\"image\":{\"@type\":\"ImageObject\",\"@id\":\"https:\/\/www.zszarzecze.pl\/#personlogo\",\"inLanguage\":\"pl-PL\",\"url\":\"https:\/\/secure.gravatar.com\/avatar\/8a3676dc20488b2b0b9c4f534d72a1d0?s=96&d=mm&r=g\",\"contentUrl\":\"https:\/\/secure.gravatar.com\/avatar\/8a3676dc20488b2b0b9c4f534d72a1d0?s=96&d=mm&r=g\",\"caption\":\"admin\"},\"url\":\"https:\/\/www.zszarzecze.pl\/?author=1\"}]}<\/script>\n<!-- \/ Yoast SEO plugin. -->","yoast_head_json":{"title":"Orszak Trzech Kr\u00f3li - Zesp\u00f3\u0142 Szk\u00f3\u0142 w Zarzeczu","robots":{"index":"index","follow":"follow","max-snippet":"max-snippet:-1","max-image-preview":"max-image-preview:large","max-video-preview":"max-video-preview:-1"},"canonical":"https:\/\/www.zszarzecze.pl\/?p=14669","og_locale":"pl_PL","og_type":"article","og_title":"Orszak Trzech Kr\u00f3li - Zesp\u00f3\u0142 Szk\u00f3\u0142 w Zarzeczu","og_description":"Uroczysto\u015b\u0107 Objawienia Pa\u0144skiego 6 stycznia 2026 r., jest dniem, kt\u00f3ry przypomina nam, \u017ce Jezus narodzi\u0142 si\u0119 dla wszystkich ludzi. Ka\u017cdy z nas mo\u017ce znale\u017a\u0107 do Niego, je\u017celi chce, swoj\u0105 drog\u0119. Dzisiaj w Zarzeczu mieszka\u0144cy, w r\u00f3\u017cnym wieku, ca\u0142e rodziny, wyruszyli w Orszaku za trzema Kr\u00f3lami, z\u0142o\u017cy\u0107 pok\u0142on Dzieci\u0105tku\u2026Orszak wyruszy\u0142 o godzinie 11.00 z trzech stron [&hellip;]","og_url":"https:\/\/www.zszarzecze.pl\/?p=14669","og_site_name":"Zesp\u00f3\u0142 Szk\u00f3\u0142 w Zarzeczu","article_published_time":"2026-01-06T17:08:38+00:00","article_modified_time":"2026-01-08T16:38:26+00:00","og_image":[{"width":1600,"height":1200,"url":"https:\/\/www.zszarzecze.pl\/wp-content\/uploads\/2026\/01\/WhatsApp-Image-2026-01-06-at-14.49.18-9.jpeg","path":"\/autoinstalator\/wordpressplugins\/wp-content\/uploads\/2026\/01\/WhatsApp-Image-2026-01-06-at-14.49.18-9.jpeg","size":"full","id":14730,"alt":"","pixels":1920000,"type":"image\/jpeg"}],"twitter_card":"summary_large_image","twitter_misc":{"Napisane przez":"admin","Szacowany czas czytania":"1 minuta"},"schema":{"@context":"https:\/\/schema.org","@graph":[{"@type":"WebSite","@id":"https:\/\/www.zszarzecze.pl\/#website","url":"https:\/\/www.zszarzecze.pl\/","name":"Zesp\u00f3\u0142 Szk\u00f3\u0142 w Zarzeczu","description":"","potentialAction":[{"@type":"SearchAction","target":{"@type":"EntryPoint","urlTemplate":"https:\/\/www.zszarzecze.pl\/?s={search_term_string}"},"query-input":"required name=search_term_string"}],"inLanguage":"pl-PL"},{"@type":"ImageObject","@id":"https:\/\/www.zszarzecze.pl\/?p=14669#primaryimage","inLanguage":"pl-PL","url":"https:\/\/www.zszarzecze.pl\/wp-content\/uploads\/2026\/01\/WhatsApp-Image-2026-01-06-at-14.49.18-9.jpeg","contentUrl":"https:\/\/www.zszarzecze.pl\/wp-content\/uploads\/2026\/01\/WhatsApp-Image-2026-01-06-at-14.49.18-9.jpeg","width":1600,"height":1200},{"@type":"WebPage","@id":"https:\/\/www.zszarzecze.pl\/?p=14669#webpage","url":"https:\/\/www.zszarzecze.pl\/?p=14669","name":"Orszak Trzech Kr\u00f3li - Zesp\u00f3\u0142 Szk\u00f3\u0142 w Zarzeczu","isPartOf":{"@id":"https:\/\/www.zszarzecze.pl\/#website"},"primaryImageOfPage":{"@id":"https:\/\/www.zszarzecze.pl\/?p=14669#primaryimage"},"datePublished":"2026-01-06T17:08:38+00:00","dateModified":"2026-01-08T16:38:26+00:00","author":{"@id":"https:\/\/www.zszarzecze.pl\/#\/schema\/person\/8e8f7f8c0befe974ec9d3ad220258fa8"},"breadcrumb":{"@id":"https:\/\/www.zszarzecze.pl\/?p=14669#breadcrumb"},"inLanguage":"pl-PL","potentialAction":[{"@type":"ReadAction","target":["https:\/\/www.zszarzecze.pl\/?p=14669"]}]},{"@type":"BreadcrumbList","@id":"https:\/\/www.zszarzecze.pl\/?p=14669#breadcrumb","itemListElement":[{"@type":"ListItem","position":1,"name":"Home","item":"https:\/\/www.zszarzecze.pl\/"},{"@type":"ListItem","position":2,"name":"Orszak Trzech Kr\u00f3li"}]},{"@type":"Person","@id":"https:\/\/www.zszarzecze.pl\/#\/schema\/person\/8e8f7f8c0befe974ec9d3ad220258fa8","name":"admin","image":{"@type":"ImageObject","@id":"https:\/\/www.zszarzecze.pl\/#personlogo","inLanguage":"pl-PL","url":"https:\/\/secure.gravatar.com\/avatar\/8a3676dc20488b2b0b9c4f534d72a1d0?s=96&d=mm&r=g","contentUrl":"https:\/\/secure.gravatar.com\/avatar\/8a3676dc20488b2b0b9c4f534d72a1d0?s=96&d=mm&r=g","caption":"admin"},"url":"https:\/\/www.zszarzecze.pl\/?author=1"}]}},"_links":{"self":[{"href":"https:\/\/www.zszarzecze.pl\/index.php?rest_route=\/wp\/v2\/posts\/14669"}],"collection":[{"href":"https:\/\/www.zszarzecze.pl\/index.php?rest_route=\/wp\/v2\/posts"}],"about":[{"href":"https:\/\/www.zszarzecze.pl\/index.php?rest_route=\/wp\/v2\/types\/post"}],"author":[{"embeddable":true,"href":"https:\/\/www.zszarzecze.pl\/index.php?rest_route=\/wp\/v2\/users\/1"}],"replies":[{"embeddable":true,"href":"https:\/\/www.zszarzecze.pl\/index.php?rest_route=%2Fwp%2Fv2%2Fcomments&post=14669"}],"version-history":[{"count":1,"href":"https:\/\/www.zszarzecze.pl\/index.php?rest_route=\/wp\/v2\/posts\/14669\/revisions"}],"predecessor-version":[{"id":14731,"href":"https:\/\/www.zszarzecze.pl\/index.php?rest_route=\/wp\/v2\/posts\/14669\/revisions\/14731"}],"wp:featuredmedia":[{"embeddable":true,"href":"https:\/\/www.zszarzecze.pl\/index.php?rest_route=\/wp\/v2\/media\/14730"}],"wp:attachment":[{"href":"https:\/\/www.zszarzecze.pl\/index.php?rest_route=%2Fwp%2Fv2%2Fmedia&parent=14669"}],"wp:term":[{"taxonomy":"category","embeddable":true,"href":"https:\/\/www.zszarzecze.pl\/index.php?rest_route=%2Fwp%2Fv2%2Fcategories&post=14669"},{"taxonomy":"post_tag","embeddable":true,"href":"https:\/\/www.zszarzecze.pl\/index.php?rest_route=%2Fwp%2Fv2%2Ftags&post=14669"}],"curies":[{"name":"wp","href":"https:\/\/api.w.org\/{rel}","templated":true}]}}