{"id":14135,"date":"2025-11-17T20:54:26","date_gmt":"2025-11-17T19:54:26","guid":{"rendered":"https:\/\/www.zszarzecze.pl\/?p=14135"},"modified":"2025-11-17T21:23:58","modified_gmt":"2025-11-17T20:23:58","slug":"wyjscie-z-klasa","status":"publish","type":"post","link":"https:\/\/www.zszarzecze.pl\/?p=14135","title":{"rendered":"&#8220;Wyj\u015bcie z klas\u0105&#8221;"},"content":{"rendered":"\n<p>W ramach przedsi\u0119wzi\u0119cia MEN &#8220;Wyj\u015bcie z klas\u0105&#8221; uczniowie klas 8. i 7. wzi\u0119li udzia\u0142 w wycieczce do O\u015brodka Garncarskiego w Medyni.<br>Uczestniczyli w lekcji garncarskiej, podczas kt\u00f3rej poznali histori\u0119 miejsca i jego tradycje. Zwiedzili stare cha\u0142upy, zobaczyli garncarskie piece, zwiedzili ekspozycje ceramiki oraz obejrzeli film z 1949 roku o garncarzach z Medyni. Nast\u0119pnie, w ramach warsztat\u00f3w, ka\u017cdy z osobna ulepi\u0142 w\u0142asne gliniane naczynia i figurki na kole garncarskim &#8211; z pomoc\u0105 garncarza.<br>Wyj\u015bcie z klas\u0105 by\u0142o dla uczni\u00f3w niepowtarzaln\u0105 okazj\u0105 do sprawdzenia, czy zaw\u00f3d ceramika jest mo\u017ce tym, co chcieliby w \u017cyciu robi\u0107<\/p>\n\n\n\nngg_shortcode_0_placeholder\n","protected":false},"excerpt":{"rendered":"<p>W ramach przedsi\u0119wzi\u0119cia MEN &#8220;Wyj\u015bcie z klas\u0105&#8221; uczniowie klas 8. i 7. wzi\u0119li udzia\u0142 w wycieczce do O\u015brodka Garncarskiego w Medyni.Uczestniczyli w lekcji garncarskiej, podczas kt\u00f3rej poznali histori\u0119 miejsca i jego tradycje. Zwiedzili stare cha\u0142upy, zobaczyli garncarskie piece, zwiedzili ekspozycje ceramiki oraz obejrzeli film z 1949 roku o garncarzach z Medyni. Nast\u0119pnie, w ramach warsztat\u00f3w, [&hellip;]<\/p>\n","protected":false},"author":1,"featured_media":14178,"comment_status":"closed","ping_status":"closed","sticky":false,"template":"","format":"standard","meta":{"ngg_post_thumbnail":0},"categories":[1],"tags":[],"yoast_head":"<!-- This site is optimized with the Yoast SEO plugin v16.9 - https:\/\/yoast.com\/wordpress\/plugins\/seo\/ -->\n<title>&quot;Wyj\u015bcie z klas\u0105&quot; - Zesp\u00f3\u0142 Szk\u00f3\u0142 w Zarzeczu<\/title>\n<meta name=\"robots\" content=\"index, follow, max-snippet:-1, max-image-preview:large, max-video-preview:-1\" \/>\n<link rel=\"canonical\" href=\"https:\/\/www.zszarzecze.pl\/?p=14135\" \/>\n<meta property=\"og:locale\" content=\"pl_PL\" \/>\n<meta property=\"og:type\" content=\"article\" \/>\n<meta property=\"og:title\" content=\"&quot;Wyj\u015bcie z klas\u0105&quot; - Zesp\u00f3\u0142 Szk\u00f3\u0142 w Zarzeczu\" \/>\n<meta property=\"og:description\" content=\"W ramach przedsi\u0119wzi\u0119cia MEN &#8220;Wyj\u015bcie z klas\u0105&#8221; uczniowie klas 8. i 7. wzi\u0119li udzia\u0142 w wycieczce do O\u015brodka Garncarskiego w Medyni.Uczestniczyli w lekcji garncarskiej, podczas kt\u00f3rej poznali histori\u0119 miejsca i jego tradycje. Zwiedzili stare cha\u0142upy, zobaczyli garncarskie piece, zwiedzili ekspozycje ceramiki oraz obejrzeli film z 1949 roku o garncarzach z Medyni. Nast\u0119pnie, w ramach warsztat\u00f3w, [&hellip;]\" \/>\n<meta property=\"og:url\" content=\"https:\/\/www.zszarzecze.pl\/?p=14135\" \/>\n<meta property=\"og:site_name\" content=\"Zesp\u00f3\u0142 Szk\u00f3\u0142 w Zarzeczu\" \/>\n<meta property=\"article:published_time\" content=\"2025-11-17T19:54:26+00:00\" \/>\n<meta property=\"article:modified_time\" content=\"2025-11-17T20:23:58+00:00\" \/>\n<meta property=\"og:image\" content=\"https:\/\/www.zszarzecze.pl\/wp-content\/uploads\/2025\/11\/IMG-20251117-WA0039.jpg\" \/>\n\t<meta property=\"og:image:width\" content=\"1600\" \/>\n\t<meta property=\"og:image:height\" content=\"1204\" \/>\n<meta name=\"twitter:card\" content=\"summary_large_image\" \/>\n<meta name=\"twitter:label1\" content=\"Napisane przez\" \/>\n\t<meta name=\"twitter:data1\" content=\"admin\" \/>\n\t<meta name=\"twitter:label2\" content=\"Szacowany czas czytania\" \/>\n\t<meta name=\"twitter:data2\" content=\"1 minuta\" \/>\n<script type=\"application\/ld+json\" class=\"yoast-schema-graph\">{\"@context\":\"https:\/\/schema.org\",\"@graph\":[{\"@type\":\"WebSite\",\"@id\":\"https:\/\/www.zszarzecze.pl\/#website\",\"url\":\"https:\/\/www.zszarzecze.pl\/\",\"name\":\"Zesp\\u00f3\\u0142 Szk\\u00f3\\u0142 w Zarzeczu\",\"description\":\"\",\"potentialAction\":[{\"@type\":\"SearchAction\",\"target\":{\"@type\":\"EntryPoint\",\"urlTemplate\":\"https:\/\/www.zszarzecze.pl\/?s={search_term_string}\"},\"query-input\":\"required name=search_term_string\"}],\"inLanguage\":\"pl-PL\"},{\"@type\":\"ImageObject\",\"@id\":\"https:\/\/www.zszarzecze.pl\/?p=14135#primaryimage\",\"inLanguage\":\"pl-PL\",\"url\":\"https:\/\/www.zszarzecze.pl\/wp-content\/uploads\/2025\/11\/IMG-20251117-WA0039.jpg\",\"contentUrl\":\"https:\/\/www.zszarzecze.pl\/wp-content\/uploads\/2025\/11\/IMG-20251117-WA0039.jpg\",\"width\":1600,\"height\":1204},{\"@type\":\"WebPage\",\"@id\":\"https:\/\/www.zszarzecze.pl\/?p=14135#webpage\",\"url\":\"https:\/\/www.zszarzecze.pl\/?p=14135\",\"name\":\"\\\"Wyj\\u015bcie z klas\\u0105\\\" - Zesp\\u00f3\\u0142 Szk\\u00f3\\u0142 w Zarzeczu\",\"isPartOf\":{\"@id\":\"https:\/\/www.zszarzecze.pl\/#website\"},\"primaryImageOfPage\":{\"@id\":\"https:\/\/www.zszarzecze.pl\/?p=14135#primaryimage\"},\"datePublished\":\"2025-11-17T19:54:26+00:00\",\"dateModified\":\"2025-11-17T20:23:58+00:00\",\"author\":{\"@id\":\"https:\/\/www.zszarzecze.pl\/#\/schema\/person\/8e8f7f8c0befe974ec9d3ad220258fa8\"},\"breadcrumb\":{\"@id\":\"https:\/\/www.zszarzecze.pl\/?p=14135#breadcrumb\"},\"inLanguage\":\"pl-PL\",\"potentialAction\":[{\"@type\":\"ReadAction\",\"target\":[\"https:\/\/www.zszarzecze.pl\/?p=14135\"]}]},{\"@type\":\"BreadcrumbList\",\"@id\":\"https:\/\/www.zszarzecze.pl\/?p=14135#breadcrumb\",\"itemListElement\":[{\"@type\":\"ListItem\",\"position\":1,\"name\":\"Home\",\"item\":\"https:\/\/www.zszarzecze.pl\/\"},{\"@type\":\"ListItem\",\"position\":2,\"name\":\"&#8220;Wyj\\u015bcie z klas\\u0105&#8221;\"}]},{\"@type\":\"Person\",\"@id\":\"https:\/\/www.zszarzecze.pl\/#\/schema\/person\/8e8f7f8c0befe974ec9d3ad220258fa8\",\"name\":\"admin\",\"image\":{\"@type\":\"ImageObject\",\"@id\":\"https:\/\/www.zszarzecze.pl\/#personlogo\",\"inLanguage\":\"pl-PL\",\"url\":\"https:\/\/secure.gravatar.com\/avatar\/8a3676dc20488b2b0b9c4f534d72a1d0?s=96&d=mm&r=g\",\"contentUrl\":\"https:\/\/secure.gravatar.com\/avatar\/8a3676dc20488b2b0b9c4f534d72a1d0?s=96&d=mm&r=g\",\"caption\":\"admin\"},\"url\":\"https:\/\/www.zszarzecze.pl\/?author=1\"}]}<\/script>\n<!-- \/ Yoast SEO plugin. -->","yoast_head_json":{"title":"\"Wyj\u015bcie z klas\u0105\" - Zesp\u00f3\u0142 Szk\u00f3\u0142 w Zarzeczu","robots":{"index":"index","follow":"follow","max-snippet":"max-snippet:-1","max-image-preview":"max-image-preview:large","max-video-preview":"max-video-preview:-1"},"canonical":"https:\/\/www.zszarzecze.pl\/?p=14135","og_locale":"pl_PL","og_type":"article","og_title":"\"Wyj\u015bcie z klas\u0105\" - Zesp\u00f3\u0142 Szk\u00f3\u0142 w Zarzeczu","og_description":"W ramach przedsi\u0119wzi\u0119cia MEN &#8220;Wyj\u015bcie z klas\u0105&#8221; uczniowie klas 8. i 7. wzi\u0119li udzia\u0142 w wycieczce do O\u015brodka Garncarskiego w Medyni.Uczestniczyli w lekcji garncarskiej, podczas kt\u00f3rej poznali histori\u0119 miejsca i jego tradycje. Zwiedzili stare cha\u0142upy, zobaczyli garncarskie piece, zwiedzili ekspozycje ceramiki oraz obejrzeli film z 1949 roku o garncarzach z Medyni. Nast\u0119pnie, w ramach warsztat\u00f3w, [&hellip;]","og_url":"https:\/\/www.zszarzecze.pl\/?p=14135","og_site_name":"Zesp\u00f3\u0142 Szk\u00f3\u0142 w Zarzeczu","article_published_time":"2025-11-17T19:54:26+00:00","article_modified_time":"2025-11-17T20:23:58+00:00","og_image":[{"width":1600,"height":1204,"url":"https:\/\/www.zszarzecze.pl\/wp-content\/uploads\/2025\/11\/IMG-20251117-WA0039.jpg","path":"\/autoinstalator\/wordpressplugins\/wp-content\/uploads\/2025\/11\/IMG-20251117-WA0039.jpg","size":"full","id":14178,"alt":"","pixels":1926400,"type":"image\/jpeg"}],"twitter_card":"summary_large_image","twitter_misc":{"Napisane przez":"admin","Szacowany czas czytania":"1 minuta"},"schema":{"@context":"https:\/\/schema.org","@graph":[{"@type":"WebSite","@id":"https:\/\/www.zszarzecze.pl\/#website","url":"https:\/\/www.zszarzecze.pl\/","name":"Zesp\u00f3\u0142 Szk\u00f3\u0142 w Zarzeczu","description":"","potentialAction":[{"@type":"SearchAction","target":{"@type":"EntryPoint","urlTemplate":"https:\/\/www.zszarzecze.pl\/?s={search_term_string}"},"query-input":"required name=search_term_string"}],"inLanguage":"pl-PL"},{"@type":"ImageObject","@id":"https:\/\/www.zszarzecze.pl\/?p=14135#primaryimage","inLanguage":"pl-PL","url":"https:\/\/www.zszarzecze.pl\/wp-content\/uploads\/2025\/11\/IMG-20251117-WA0039.jpg","contentUrl":"https:\/\/www.zszarzecze.pl\/wp-content\/uploads\/2025\/11\/IMG-20251117-WA0039.jpg","width":1600,"height":1204},{"@type":"WebPage","@id":"https:\/\/www.zszarzecze.pl\/?p=14135#webpage","url":"https:\/\/www.zszarzecze.pl\/?p=14135","name":"\"Wyj\u015bcie z klas\u0105\" - Zesp\u00f3\u0142 Szk\u00f3\u0142 w Zarzeczu","isPartOf":{"@id":"https:\/\/www.zszarzecze.pl\/#website"},"primaryImageOfPage":{"@id":"https:\/\/www.zszarzecze.pl\/?p=14135#primaryimage"},"datePublished":"2025-11-17T19:54:26+00:00","dateModified":"2025-11-17T20:23:58+00:00","author":{"@id":"https:\/\/www.zszarzecze.pl\/#\/schema\/person\/8e8f7f8c0befe974ec9d3ad220258fa8"},"breadcrumb":{"@id":"https:\/\/www.zszarzecze.pl\/?p=14135#breadcrumb"},"inLanguage":"pl-PL","potentialAction":[{"@type":"ReadAction","target":["https:\/\/www.zszarzecze.pl\/?p=14135"]}]},{"@type":"BreadcrumbList","@id":"https:\/\/www.zszarzecze.pl\/?p=14135#breadcrumb","itemListElement":[{"@type":"ListItem","position":1,"name":"Home","item":"https:\/\/www.zszarzecze.pl\/"},{"@type":"ListItem","position":2,"name":"&#8220;Wyj\u015bcie z klas\u0105&#8221;"}]},{"@type":"Person","@id":"https:\/\/www.zszarzecze.pl\/#\/schema\/person\/8e8f7f8c0befe974ec9d3ad220258fa8","name":"admin","image":{"@type":"ImageObject","@id":"https:\/\/www.zszarzecze.pl\/#personlogo","inLanguage":"pl-PL","url":"https:\/\/secure.gravatar.com\/avatar\/8a3676dc20488b2b0b9c4f534d72a1d0?s=96&d=mm&r=g","contentUrl":"https:\/\/secure.gravatar.com\/avatar\/8a3676dc20488b2b0b9c4f534d72a1d0?s=96&d=mm&r=g","caption":"admin"},"url":"https:\/\/www.zszarzecze.pl\/?author=1"}]}},"_links":{"self":[{"href":"https:\/\/www.zszarzecze.pl\/index.php?rest_route=\/wp\/v2\/posts\/14135"}],"collection":[{"href":"https:\/\/www.zszarzecze.pl\/index.php?rest_route=\/wp\/v2\/posts"}],"about":[{"href":"https:\/\/www.zszarzecze.pl\/index.php?rest_route=\/wp\/v2\/types\/post"}],"author":[{"embeddable":true,"href":"https:\/\/www.zszarzecze.pl\/index.php?rest_route=\/wp\/v2\/users\/1"}],"replies":[{"embeddable":true,"href":"https:\/\/www.zszarzecze.pl\/index.php?rest_route=%2Fwp%2Fv2%2Fcomments&post=14135"}],"version-history":[{"count":3,"href":"https:\/\/www.zszarzecze.pl\/index.php?rest_route=\/wp\/v2\/posts\/14135\/revisions"}],"predecessor-version":[{"id":14223,"href":"https:\/\/www.zszarzecze.pl\/index.php?rest_route=\/wp\/v2\/posts\/14135\/revisions\/14223"}],"wp:featuredmedia":[{"embeddable":true,"href":"https:\/\/www.zszarzecze.pl\/index.php?rest_route=\/wp\/v2\/media\/14178"}],"wp:attachment":[{"href":"https:\/\/www.zszarzecze.pl\/index.php?rest_route=%2Fwp%2Fv2%2Fmedia&parent=14135"}],"wp:term":[{"taxonomy":"category","embeddable":true,"href":"https:\/\/www.zszarzecze.pl\/index.php?rest_route=%2Fwp%2Fv2%2Fcategories&post=14135"},{"taxonomy":"post_tag","embeddable":true,"href":"https:\/\/www.zszarzecze.pl\/index.php?rest_route=%2Fwp%2Fv2%2Ftags&post=14135"}],"curies":[{"name":"wp","href":"https:\/\/api.w.org\/{rel}","templated":true}]}}