{"id":10613,"date":"2024-06-06T06:30:44","date_gmt":"2024-06-06T04:30:44","guid":{"rendered":"https:\/\/www.zszarzecze.pl\/?p=10613"},"modified":"2024-06-06T06:30:45","modified_gmt":"2024-06-06T04:30:45","slug":"dzien-mamy-i-taty-w-0b","status":"publish","type":"post","link":"https:\/\/www.zszarzecze.pl\/?p=10613","title":{"rendered":"Dzie\u0144 Mamy i Taty w 0b"},"content":{"rendered":"\n<p>Tyle wra\u017ce\u0144 i emocji w jednym dniu \u2013 to niezapomniane spotkanie z okazji DNIA MAMY I TATY, kt\u00f3re odby\u0142o si\u0119 28 maja na sali gimnastycznej. D\u0142ugo trwa\u0142y przygotowania, pr\u00f3by, dekoracje, ale by\u0142o warto. Dzieci wraz z wychowawczyniami, pi\u0119knie ubrane, z rumie\u0144cami na twarzy i upominkami w r\u0119ku \u2013 gor\u0105co powita\u0142y kochane mamusie i kochanych tatusi\u00f3w. Odwa\u017cnie deklamowa\u0142y wiersze, \u015bpiewa\u0142y piosenki, ta\u0144czy\u0142y krakowiaka, wyzwalaj\u0105c u rodzic\u00f3w uczucia rado\u015bci, mi\u0142o\u015bci, wdzi\u0119czno\u015bci. Nast\u0119pnie by\u0142y serdeczne \u017cyczenia z tradycyjnym STO LAT \u2013 u\u015bciski, obdarowywanie rodzic\u00f3w kwiatami, samodzielnie wykonanymi upominkami. Do \u017cycze\u0144 wychowank\u00f3w do\u0142\u0105czyli si\u0119 obecni na uroczysto\u015bci dyrektorzy szko\u0142y oraz wychowawczyni, \u017cycz\u0105c mi\u0142ym go\u015bciom du\u017co zdrowia, wytrwa\u0142o\u015bci, spe\u0142niania w\u0142asnych marze\u0144, plan\u00f3w, a w szczeg\u00f3lno\u015bci mn\u00f3stwa u\u015bmiech\u00f3w i rado\u015bci ze \u00a0\u00a0wsp\u00f3lnego sp\u0119dzania czasu ze swoimi pociechami.<\/p>\n\n\n\nngg_shortcode_0_placeholder\n","protected":false},"excerpt":{"rendered":"<p>Tyle wra\u017ce\u0144 i emocji w jednym dniu \u2013 to niezapomniane spotkanie z okazji DNIA MAMY I TATY, kt\u00f3re odby\u0142o si\u0119 28 maja na sali gimnastycznej. D\u0142ugo trwa\u0142y przygotowania, pr\u00f3by, dekoracje, ale by\u0142o warto. Dzieci wraz z wychowawczyniami, pi\u0119knie ubrane, z rumie\u0144cami na twarzy i upominkami w r\u0119ku \u2013 gor\u0105co powita\u0142y kochane mamusie i kochanych tatusi\u00f3w. [&hellip;]<\/p>\n","protected":false},"author":1,"featured_media":10631,"comment_status":"closed","ping_status":"closed","sticky":false,"template":"","format":"standard","meta":{"ngg_post_thumbnail":0},"categories":[1],"tags":[],"yoast_head":"<!-- This site is optimized with the Yoast SEO plugin v16.9 - https:\/\/yoast.com\/wordpress\/plugins\/seo\/ -->\n<title>Dzie\u0144 Mamy i Taty w 0b - Zesp\u00f3\u0142 Szk\u00f3\u0142 w Zarzeczu<\/title>\n<meta name=\"robots\" content=\"index, follow, max-snippet:-1, max-image-preview:large, max-video-preview:-1\" \/>\n<link rel=\"canonical\" href=\"https:\/\/www.zszarzecze.pl\/?p=10613\" \/>\n<meta property=\"og:locale\" content=\"pl_PL\" \/>\n<meta property=\"og:type\" content=\"article\" \/>\n<meta property=\"og:title\" content=\"Dzie\u0144 Mamy i Taty w 0b - Zesp\u00f3\u0142 Szk\u00f3\u0142 w Zarzeczu\" \/>\n<meta property=\"og:description\" content=\"Tyle wra\u017ce\u0144 i emocji w jednym dniu \u2013 to niezapomniane spotkanie z okazji DNIA MAMY I TATY, kt\u00f3re odby\u0142o si\u0119 28 maja na sali gimnastycznej. D\u0142ugo trwa\u0142y przygotowania, pr\u00f3by, dekoracje, ale by\u0142o warto. Dzieci wraz z wychowawczyniami, pi\u0119knie ubrane, z rumie\u0144cami na twarzy i upominkami w r\u0119ku \u2013 gor\u0105co powita\u0142y kochane mamusie i kochanych tatusi\u00f3w. [&hellip;]\" \/>\n<meta property=\"og:url\" content=\"https:\/\/www.zszarzecze.pl\/?p=10613\" \/>\n<meta property=\"og:site_name\" content=\"Zesp\u00f3\u0142 Szk\u00f3\u0142 w Zarzeczu\" \/>\n<meta property=\"article:published_time\" content=\"2024-06-06T04:30:44+00:00\" \/>\n<meta property=\"article:modified_time\" content=\"2024-06-06T04:30:45+00:00\" \/>\n<meta property=\"og:image\" content=\"https:\/\/www.zszarzecze.pl\/wp-content\/uploads\/2024\/06\/received_312927498529216-scaled.jpeg\" \/>\n\t<meta property=\"og:image:width\" content=\"2560\" \/>\n\t<meta property=\"og:image:height\" content=\"1706\" \/>\n<meta name=\"twitter:card\" content=\"summary_large_image\" \/>\n<meta name=\"twitter:label1\" content=\"Napisane przez\" \/>\n\t<meta name=\"twitter:data1\" content=\"admin\" \/>\n\t<meta name=\"twitter:label2\" content=\"Szacowany czas czytania\" \/>\n\t<meta name=\"twitter:data2\" content=\"1 minuta\" \/>\n<script type=\"application\/ld+json\" class=\"yoast-schema-graph\">{\"@context\":\"https:\/\/schema.org\",\"@graph\":[{\"@type\":\"WebSite\",\"@id\":\"https:\/\/www.zszarzecze.pl\/#website\",\"url\":\"https:\/\/www.zszarzecze.pl\/\",\"name\":\"Zesp\\u00f3\\u0142 Szk\\u00f3\\u0142 w Zarzeczu\",\"description\":\"\",\"potentialAction\":[{\"@type\":\"SearchAction\",\"target\":{\"@type\":\"EntryPoint\",\"urlTemplate\":\"https:\/\/www.zszarzecze.pl\/?s={search_term_string}\"},\"query-input\":\"required name=search_term_string\"}],\"inLanguage\":\"pl-PL\"},{\"@type\":\"ImageObject\",\"@id\":\"https:\/\/www.zszarzecze.pl\/?p=10613#primaryimage\",\"inLanguage\":\"pl-PL\",\"url\":\"https:\/\/www.zszarzecze.pl\/wp-content\/uploads\/2024\/06\/received_312927498529216-scaled.jpeg\",\"contentUrl\":\"https:\/\/www.zszarzecze.pl\/wp-content\/uploads\/2024\/06\/received_312927498529216-scaled.jpeg\",\"width\":2560,\"height\":1706},{\"@type\":\"WebPage\",\"@id\":\"https:\/\/www.zszarzecze.pl\/?p=10613#webpage\",\"url\":\"https:\/\/www.zszarzecze.pl\/?p=10613\",\"name\":\"Dzie\\u0144 Mamy i Taty w 0b - Zesp\\u00f3\\u0142 Szk\\u00f3\\u0142 w Zarzeczu\",\"isPartOf\":{\"@id\":\"https:\/\/www.zszarzecze.pl\/#website\"},\"primaryImageOfPage\":{\"@id\":\"https:\/\/www.zszarzecze.pl\/?p=10613#primaryimage\"},\"datePublished\":\"2024-06-06T04:30:44+00:00\",\"dateModified\":\"2024-06-06T04:30:45+00:00\",\"author\":{\"@id\":\"https:\/\/www.zszarzecze.pl\/#\/schema\/person\/8e8f7f8c0befe974ec9d3ad220258fa8\"},\"breadcrumb\":{\"@id\":\"https:\/\/www.zszarzecze.pl\/?p=10613#breadcrumb\"},\"inLanguage\":\"pl-PL\",\"potentialAction\":[{\"@type\":\"ReadAction\",\"target\":[\"https:\/\/www.zszarzecze.pl\/?p=10613\"]}]},{\"@type\":\"BreadcrumbList\",\"@id\":\"https:\/\/www.zszarzecze.pl\/?p=10613#breadcrumb\",\"itemListElement\":[{\"@type\":\"ListItem\",\"position\":1,\"name\":\"Home\",\"item\":\"https:\/\/www.zszarzecze.pl\/\"},{\"@type\":\"ListItem\",\"position\":2,\"name\":\"Dzie\\u0144 Mamy i Taty w 0b\"}]},{\"@type\":\"Person\",\"@id\":\"https:\/\/www.zszarzecze.pl\/#\/schema\/person\/8e8f7f8c0befe974ec9d3ad220258fa8\",\"name\":\"admin\",\"image\":{\"@type\":\"ImageObject\",\"@id\":\"https:\/\/www.zszarzecze.pl\/#personlogo\",\"inLanguage\":\"pl-PL\",\"url\":\"https:\/\/secure.gravatar.com\/avatar\/8a3676dc20488b2b0b9c4f534d72a1d0?s=96&d=mm&r=g\",\"contentUrl\":\"https:\/\/secure.gravatar.com\/avatar\/8a3676dc20488b2b0b9c4f534d72a1d0?s=96&d=mm&r=g\",\"caption\":\"admin\"},\"url\":\"https:\/\/www.zszarzecze.pl\/?author=1\"}]}<\/script>\n<!-- \/ Yoast SEO plugin. -->","yoast_head_json":{"title":"Dzie\u0144 Mamy i Taty w 0b - Zesp\u00f3\u0142 Szk\u00f3\u0142 w Zarzeczu","robots":{"index":"index","follow":"follow","max-snippet":"max-snippet:-1","max-image-preview":"max-image-preview:large","max-video-preview":"max-video-preview:-1"},"canonical":"https:\/\/www.zszarzecze.pl\/?p=10613","og_locale":"pl_PL","og_type":"article","og_title":"Dzie\u0144 Mamy i Taty w 0b - Zesp\u00f3\u0142 Szk\u00f3\u0142 w Zarzeczu","og_description":"Tyle wra\u017ce\u0144 i emocji w jednym dniu \u2013 to niezapomniane spotkanie z okazji DNIA MAMY I TATY, kt\u00f3re odby\u0142o si\u0119 28 maja na sali gimnastycznej. D\u0142ugo trwa\u0142y przygotowania, pr\u00f3by, dekoracje, ale by\u0142o warto. Dzieci wraz z wychowawczyniami, pi\u0119knie ubrane, z rumie\u0144cami na twarzy i upominkami w r\u0119ku \u2013 gor\u0105co powita\u0142y kochane mamusie i kochanych tatusi\u00f3w. [&hellip;]","og_url":"https:\/\/www.zszarzecze.pl\/?p=10613","og_site_name":"Zesp\u00f3\u0142 Szk\u00f3\u0142 w Zarzeczu","article_published_time":"2024-06-06T04:30:44+00:00","article_modified_time":"2024-06-06T04:30:45+00:00","og_image":[{"width":2560,"height":1706,"url":"https:\/\/www.zszarzecze.pl\/wp-content\/uploads\/2024\/06\/received_312927498529216-scaled.jpeg","path":"\/autoinstalator\/wordpressplugins\/wp-content\/uploads\/2024\/06\/received_312927498529216-scaled.jpeg","size":"full","id":10631,"alt":"","pixels":4367360,"type":"image\/jpeg"}],"twitter_card":"summary_large_image","twitter_misc":{"Napisane przez":"admin","Szacowany czas czytania":"1 minuta"},"schema":{"@context":"https:\/\/schema.org","@graph":[{"@type":"WebSite","@id":"https:\/\/www.zszarzecze.pl\/#website","url":"https:\/\/www.zszarzecze.pl\/","name":"Zesp\u00f3\u0142 Szk\u00f3\u0142 w Zarzeczu","description":"","potentialAction":[{"@type":"SearchAction","target":{"@type":"EntryPoint","urlTemplate":"https:\/\/www.zszarzecze.pl\/?s={search_term_string}"},"query-input":"required name=search_term_string"}],"inLanguage":"pl-PL"},{"@type":"ImageObject","@id":"https:\/\/www.zszarzecze.pl\/?p=10613#primaryimage","inLanguage":"pl-PL","url":"https:\/\/www.zszarzecze.pl\/wp-content\/uploads\/2024\/06\/received_312927498529216-scaled.jpeg","contentUrl":"https:\/\/www.zszarzecze.pl\/wp-content\/uploads\/2024\/06\/received_312927498529216-scaled.jpeg","width":2560,"height":1706},{"@type":"WebPage","@id":"https:\/\/www.zszarzecze.pl\/?p=10613#webpage","url":"https:\/\/www.zszarzecze.pl\/?p=10613","name":"Dzie\u0144 Mamy i Taty w 0b - Zesp\u00f3\u0142 Szk\u00f3\u0142 w Zarzeczu","isPartOf":{"@id":"https:\/\/www.zszarzecze.pl\/#website"},"primaryImageOfPage":{"@id":"https:\/\/www.zszarzecze.pl\/?p=10613#primaryimage"},"datePublished":"2024-06-06T04:30:44+00:00","dateModified":"2024-06-06T04:30:45+00:00","author":{"@id":"https:\/\/www.zszarzecze.pl\/#\/schema\/person\/8e8f7f8c0befe974ec9d3ad220258fa8"},"breadcrumb":{"@id":"https:\/\/www.zszarzecze.pl\/?p=10613#breadcrumb"},"inLanguage":"pl-PL","potentialAction":[{"@type":"ReadAction","target":["https:\/\/www.zszarzecze.pl\/?p=10613"]}]},{"@type":"BreadcrumbList","@id":"https:\/\/www.zszarzecze.pl\/?p=10613#breadcrumb","itemListElement":[{"@type":"ListItem","position":1,"name":"Home","item":"https:\/\/www.zszarzecze.pl\/"},{"@type":"ListItem","position":2,"name":"Dzie\u0144 Mamy i Taty w 0b"}]},{"@type":"Person","@id":"https:\/\/www.zszarzecze.pl\/#\/schema\/person\/8e8f7f8c0befe974ec9d3ad220258fa8","name":"admin","image":{"@type":"ImageObject","@id":"https:\/\/www.zszarzecze.pl\/#personlogo","inLanguage":"pl-PL","url":"https:\/\/secure.gravatar.com\/avatar\/8a3676dc20488b2b0b9c4f534d72a1d0?s=96&d=mm&r=g","contentUrl":"https:\/\/secure.gravatar.com\/avatar\/8a3676dc20488b2b0b9c4f534d72a1d0?s=96&d=mm&r=g","caption":"admin"},"url":"https:\/\/www.zszarzecze.pl\/?author=1"}]}},"_links":{"self":[{"href":"https:\/\/www.zszarzecze.pl\/index.php?rest_route=\/wp\/v2\/posts\/10613"}],"collection":[{"href":"https:\/\/www.zszarzecze.pl\/index.php?rest_route=\/wp\/v2\/posts"}],"about":[{"href":"https:\/\/www.zszarzecze.pl\/index.php?rest_route=\/wp\/v2\/types\/post"}],"author":[{"embeddable":true,"href":"https:\/\/www.zszarzecze.pl\/index.php?rest_route=\/wp\/v2\/users\/1"}],"replies":[{"embeddable":true,"href":"https:\/\/www.zszarzecze.pl\/index.php?rest_route=%2Fwp%2Fv2%2Fcomments&post=10613"}],"version-history":[{"count":1,"href":"https:\/\/www.zszarzecze.pl\/index.php?rest_route=\/wp\/v2\/posts\/10613\/revisions"}],"predecessor-version":[{"id":10632,"href":"https:\/\/www.zszarzecze.pl\/index.php?rest_route=\/wp\/v2\/posts\/10613\/revisions\/10632"}],"wp:featuredmedia":[{"embeddable":true,"href":"https:\/\/www.zszarzecze.pl\/index.php?rest_route=\/wp\/v2\/media\/10631"}],"wp:attachment":[{"href":"https:\/\/www.zszarzecze.pl\/index.php?rest_route=%2Fwp%2Fv2%2Fmedia&parent=10613"}],"wp:term":[{"taxonomy":"category","embeddable":true,"href":"https:\/\/www.zszarzecze.pl\/index.php?rest_route=%2Fwp%2Fv2%2Fcategories&post=10613"},{"taxonomy":"post_tag","embeddable":true,"href":"https:\/\/www.zszarzecze.pl\/index.php?rest_route=%2Fwp%2Fv2%2Ftags&post=10613"}],"curies":[{"name":"wp","href":"https:\/\/api.w.org\/{rel}","templated":true}]}}